{"id":24650,"date":"2021-06-14T20:38:42","date_gmt":"2021-06-14T23:38:42","guid":{"rendered":"http:\/\/primiciasclorinda.com\/?p=24650"},"modified":"2021-06-14T20:38:42","modified_gmt":"2021-06-14T23:38:42","slug":"informe-covid-19-once-fallecimientos-y-328-nuevos-diagnosticos","status":"publish","type":"post","link":"https:\/\/primiciasclorinda.com\/?p=24650","title":{"rendered":"Informe COVID 19: once fallecimientos y 328 nuevos diagn\u00f3sticos"},"content":{"rendered":"<p style=\"text-align: justify;\">Ya son m\u00e1s de 40 casos detectados en la provincia desde que inici\u00f3 la pandemia. En los \u00faltimos tres meses se multiplicaron por 27 y se expandieron en todo el territorio provincial.<\/p>\n<p style=\"text-align: justify;\">El Consejo de Atenci\u00f3n Integral de la Emergencia COVID 19 \u201cDr. Enrique Servi\u00e1n\u201d inform\u00f3 que, en las \u00faltimas 24 horas, 11 comprovincianos fallecieron y 328 fueron diagnosticados con coronavirus en toda la provincia.<\/p>\n<p style=\"text-align: justify;\">Los decesos fueron de ocho vecinos de Formosa: Mar\u00eda de 77 a\u00f1os, Atilano de 76 a\u00f1os, Silvia de 65 a\u00f1os, Leandro de 54 a\u00f1os, Juan de 50 a\u00f1os, Lilians de 53 a\u00f1os, V\u00edctor de 48 a\u00f1os y Carlos de 44 a\u00f1os; un vecino de Clorinda: Santos de 68 a\u00f1os; un vecino de Riacho He He: Luis de 51 a\u00f1os; y una vecina de Misi\u00f3n Laish\u00ed: Miriam de 50 a\u00f1os, por quienes el organismo expres\u00f3 sus condolencias a familiares y seres queridos.<\/p>\n<p style=\"text-align: justify;\">En cuanto a los 328 nuevos casos, fueron detectados en personas de entre tres a 82 a\u00f1os, en el marco de los 3363 test de vigilancia y b\u00fasqueda activa realizados en las \u00faltimas 24 horas con el 9,8% de positividad.<\/p>\n<p style=\"text-align: justify;\">Del total, 217 son de Formosa Capital: 89 consultas por s\u00edntomas, 85 contactos estrechos, 40 por b\u00fasqueda activa, dos controles por internaci\u00f3n y una consulta por egreso; 16 de Riacho He He: 13 contactos estrechos, dos consultas por s\u00edntomas y uno por b\u00fasqueda activa; 16 de Laguna Yema: 12 contactos estrechos y cuatro consultas por s\u00edntomas; 13 a Piran\u00e9: seis consultas por s\u00edntomas, cinco contactos estrechos y dos por b\u00fasqueda activa; 10 de Laguna Blanca: cinco consultas por s\u00edntomas, cuatro por b\u00fasqueda activa y un contacto estrecho.<\/p>\n<p style=\"text-align: justify;\">Tambi\u00e9n, nueve casos fueron diagnosticados en Villa Dos Trece: seis contactos estrechos y tres consultas por s\u00edntomas; siete en Ingeniero Ju\u00e1rez: cinco contactos estrechos y dos por b\u00fasqueda activa; cinco en Las Lomitas: cuatro por b\u00fasqueda activa y una consulta por s\u00edntomas; cinco en Misi\u00f3n Tacaagl\u00e9: cuatro contactos estrechos y uno por b\u00fasqueda activa; cinco contactos estrechos en Los Chiriguanos; tres en Clorinda: dos contactos estrechos y una consulta por s\u00edntomas; tres contactos estrechos en Villafa\u00f1e.<\/p>\n<p style=\"text-align: justify;\">Por \u00faltimo, dos b\u00fasquedas activas corresponden a Laguna Naineck y dos m\u00e1s a General Mansilla; dos contactos estrechos a La Primavera, dos consultas por s\u00edntomas a Fontana; dos casos a Estanislao del Campo: un contacto estrecho y uno por b\u00fasqueda activa; dos b\u00fasquedas activas a Bartolom\u00e9 de las Casas; una consulta por s\u00edntomas a Pozo del Mortero, otra a Ibarreta y una m\u00e1s a Tres Lagunas; un contacto estrecho a Misi\u00f3n Laish\u00ed; una b\u00fasqueda activa a Moj\u00f3n de Fierro; un ingreso desde Buenos Aires y otro desde Chaco.<\/p>\n<p style=\"text-align: justify;\">Adem\u00e1s, este lunes se dar\u00e1 de alta m\u00e9dica a 756 pacientes recuperados que son, de Formosa, 567; Clorinda, 49; Misi\u00f3n Laish\u00ed, 25; Piran\u00e9, 14; Ingeniero Ju\u00e1rez, 12; El Espinillo, 11; Estanislao del Campo, 10; Laguna Yema, nueve; Las Lomitas y El Colorado, ocho en cada una; Ibarreta, seis; Colonia Pastoril, General Belgrano, Villafa\u00f1e y Moj\u00f3n de Fierro, cinco en cada localidad; Comandante Fontana y Laguna Naineck, tres en cada una; Herradura, Tres Lagunas y General G\u00fcemes, dos en cada una; y El Chorro, Misi\u00f3n Tacaagl\u00e9, San Martin II, Villa Dos Trece y Villa Escolar, uno en cada jurisdicci\u00f3n.<\/p>\n<p style=\"text-align: justify;\">En ese contexto, al 14 de junio de 2021, en la provincia de Formosa se diagnosticaron 40.286 casos de coronavirus, de los cuales 34.057 se recuperaron, 5.517 est\u00e1n activos, 677 fallecieron, 35 egresaron de la provincia y se llevaron a cabo 640.833 test con el 6,29% de positividad acumulada.<\/p>\n<p style=\"text-align: justify;\">Controles<\/p>\n<p style=\"text-align: justify;\">En las \u00faltimas 24 horas la Polic\u00eda de la provincia registr\u00f3 el ingreso al territorio de 453 camiones de carga, 89 veh\u00edculos y 177 personas; control\u00f3 en la v\u00eda p\u00fablica a 25.155 personas y 3.961 veh\u00edculo; labr\u00f3 actas de infracci\u00f3n a 16 veh\u00edculos y 326 personas por incumplimiento de medidas sanitarias; intervino cuatro fiestas privadas y detect\u00f3 dos violaciones de cuarentena domiciliaria por contacto estrecho.<\/p>\n<p style=\"text-align: justify;\">Campa\u00f1a de Vacunaci\u00f3n<\/p>\n<p style=\"text-align: justify;\">Avanzando en la campa\u00f1a de vacunaci\u00f3n contra el COVID-19, el Consejo reiter\u00f3 que, el domingo pasado, recibieron la vacuna las personas que integran las clases 1961 a 1976 residentes en las localidades de Laguna Yema, Pozo del Mortero, Sumayen, Los Chiriguanos y El Simbolar; as\u00ed como los residentes de las localidades de Ing. Ju\u00e1rez, Las Ca\u00f1itas y Misi\u00f3n Pozo Yacar\u00e9 de las clases 1961 a 2003, tarea que continua en estas \u00faltimas localidades este lunes.<\/p>\n<p style=\"text-align: justify;\">Asimismo, en el d\u00eda de la fecha fueron inmunizados con la segunda dosis de la vacuna SINOPHARM todos los residentes de la ciudad de Formosa que hayan recibido la primera dosis de esta vacuna hace 21 d\u00edas o m\u00e1s.<\/p>\n<p style=\"text-align: justify;\">Finalmente, el organismo record\u00f3 que el pr\u00f3ximo martes 15 de junio estar\u00e1n recibiendo la segunda dosis de la vacuna SINOPHARM todos los residentes de la ciudad de Clorinda que hayan recibido la primera dosis de esta vacuna hace 21 d\u00edas o m\u00e1s.<\/p>\n<p style=\"text-align: justify;\">M\u00e1s de 40 mil casos detectados<\/p>\n<p style=\"text-align: justify;\">Por \u00faltimo, el Consejo sostuvo que este lunes se superaron los 40 mil casos de COVID-19 detectados en la provincia desde el inicio de la pandemia.<\/p>\n<p style=\"text-align: justify;\">A su vez se remarc\u00f3 que, cuando se iniciaron los actuales brotes de contagios a inicios de marzo de este a\u00f1o, hab\u00eda en la provincia menos de 1500 casos detectados, es decir que en poco m\u00e1s de tres meses los contagios se multiplicaron por 27 y se esparcieron por toda la geograf\u00eda provincial.<\/p>\n<p style=\"text-align: justify;\">Estos datos sanitarios objetivos e innegables indican que la capacidad de da\u00f1o que tiene en virus depende en gran medida de la conducta como individuos y como comunidad de cada persona.<\/p>\n<p style=\"text-align: justify;\">As\u00ed como el negacionismo y la irresponsabilidad favorecieron un aumento exponencial de los contagios, tambi\u00e9n la conducta responsable de toda la comunidad formose\u00f1a cumpliendo las medidas implementadas est\u00e1 logrando la disminuci\u00f3n de los mismos, tal como se advirti\u00f3 en las \u00faltimas semanas.<\/p>\n<p style=\"text-align: justify;\">\u201cEste gran esfuerzo colectivo es acompa\u00f1ado por una campa\u00f1a de vacunaci\u00f3n que avanza aceleradamente en toda la provincia. Cada dosis aplicada es un acto de cuidado, amor y esperanza\u201d, manifest\u00f3 el Consejo.<\/p>\n<p style=\"text-align: justify;\">Y concluy\u00f3: \u201cPerseverando en este esfuerzo colectivo y trabajo mancomunado, estamos m\u00e1s cerca de dejar atr\u00e1s los peores momentos de la pandemia\u201d.<\/p>\n","protected":false},"excerpt":{"rendered":"<div class=\"mh-excerpt\"><p>Ya son m\u00e1s de 40 casos detectados en la provincia desde que inici\u00f3 la pandemia. En los \u00faltimos tres meses se multiplicaron por 27 y <a class=\"mh-excerpt-more\" href=\"https:\/\/primiciasclorinda.com\/?p=24650\" title=\"Informe COVID 19: once fallecimientos y 328 nuevos diagn\u00f3sticos\">[&#8230;]<\/a><\/p>\n<\/div>","protected":false},"author":3,"featured_media":24651,"comment_status":"open","ping_status":"open","sticky":false,"template":"","format":"standard","meta":{"footnotes":""},"categories":[4,3],"tags":[2870,3023,23],"class_list":["post-24650","post","type-post","status-publish","format-standard","has-post-thumbnail","hentry","category-informacion-general","category-politica-economia","tag-coronavirus","tag-covid19","tag-formosa"],"_links":{"self":[{"href":"https:\/\/primiciasclorinda.com\/index.php?rest_route=\/wp\/v2\/posts\/24650","targetHints":{"allow":["GET"]}}],"collection":[{"href":"https:\/\/primiciasclorinda.com\/index.php?rest_route=\/wp\/v2\/posts"}],"about":[{"href":"https:\/\/primiciasclorinda.com\/index.php?rest_route=\/wp\/v2\/types\/post"}],"author":[{"embeddable":true,"href":"https:\/\/primiciasclorinda.com\/index.php?rest_route=\/wp\/v2\/users\/3"}],"replies":[{"embeddable":true,"href":"https:\/\/primiciasclorinda.com\/index.php?rest_route=%2Fwp%2Fv2%2Fcomments&post=24650"}],"version-history":[{"count":1,"href":"https:\/\/primiciasclorinda.com\/index.php?rest_route=\/wp\/v2\/posts\/24650\/revisions"}],"predecessor-version":[{"id":24652,"href":"https:\/\/primiciasclorinda.com\/index.php?rest_route=\/wp\/v2\/posts\/24650\/revisions\/24652"}],"wp:featuredmedia":[{"embeddable":true,"href":"https:\/\/primiciasclorinda.com\/index.php?rest_route=\/wp\/v2\/media\/24651"}],"wp:attachment":[{"href":"https:\/\/primiciasclorinda.com\/index.php?rest_route=%2Fwp%2Fv2%2Fmedia&parent=24650"}],"wp:term":[{"taxonomy":"category","embeddable":true,"href":"https:\/\/primiciasclorinda.com\/index.php?rest_route=%2Fwp%2Fv2%2Fcategories&post=24650"},{"taxonomy":"post_tag","embeddable":true,"href":"https:\/\/primiciasclorinda.com\/index.php?rest_route=%2Fwp%2Fv2%2Ftags&post=24650"}],"curies":[{"name":"wp","href":"https:\/\/api.w.org\/{rel}","templated":true}]}}