{"id":24329,"date":"2021-05-23T12:24:46","date_gmt":"2021-05-23T15:24:46","guid":{"rendered":"http:\/\/primiciasclorinda.com\/?p=24329"},"modified":"2021-05-23T12:24:46","modified_gmt":"2021-05-23T15:24:46","slug":"domingo-con-949-casos-positivos-en-la-provincia-y-15-fallecimientos-3-son-de-clorinda","status":"publish","type":"post","link":"https:\/\/primiciasclorinda.com\/?p=24329","title":{"rendered":"Domingo con 949 casos positivos en la provincia y 15 fallecimientos, 3 son de Clorinda"},"content":{"rendered":"<p style=\"text-align: justify;\">Un nuevo domingo negro en la provincia de Formosa debido a la multiplicaci\u00f3n de casos diarios y a la curva ascendente de fallecidos, hoy se registraron 15 fallecimientos de los cuales 3 son de Clorinda. En tanto la capital de la provincia registr\u00f3\u00a0668 nuevos contagios y Clorinda sum\u00f3 43 nuevos casos.<\/p>\n<p style=\"text-align: justify;\">&#x1f6a8;15 fallecimientos por COVID- 19 en Formosa<br \/>\n&#x271d;&#xfe0f; Maria de 76 a\u00f1os &#8211; Formosa<br \/>\n&#x271d;&#xfe0f; Julio de 68 a\u00f1os &#8211; Formosa<br \/>\n&#x271d;&#xfe0f; Segunda de 62 a\u00f1os &#8211; Formosa<br \/>\n&#x271d;&#xfe0f; Carlos de 59 a\u00f1os &#8211; Formosa<br \/>\n&#x271d;&#xfe0f; Nicanor de 52 a\u00f1os &#8211; Formosa<br \/>\n&#x271d;&#xfe0f; Ricardo de 47 a\u00f1os &#8211; Formosa<br \/>\n&#x271d;&#xfe0f; Cristina de 48 a\u00f1os &#8211; Formosa<br \/>\n&#x271d;&#xfe0f; Diego se 46 a\u00f1os &#8211; Formosa<br \/>\n&#x271d;&#xfe0f; Nicol\u00e1s de 45 a\u00f1os &#8211; Formosa<br \/>\n&#x271d;&#xfe0f;Alba de 41 a\u00f1os &#8211; Formosa<br \/>\n&#x271d;&#xfe0f; Manuela de 71 a\u00f1os &#8211; Villafa\u00f1e<br \/>\n&#x271d;&#xfe0f; Prudencia de 85 a\u00f1os &#8211; Laguna Blanca<br \/>\n&#x271d;&#xfe0f; Maria de 57 a\u00f1os &#8211; Clorinda<br \/>\n&#x271d;&#xfe0f; Juan de 50 a\u00f1os &#8211; Clorinda<br \/>\n&#x271d;&#xfe0f; Roberto de 47 a\u00f1os &#8211; Clorinda<br \/>\nEn las \u00faltimas 24 horas se realizaron 6.345 teste de los cuales se detectaron 949 casos positivos y corresponden:<br \/>\n&#x27a1;&#xfe0f; Formosa capital: 668<br \/>\n&#x27a1;&#xfe0f; Los Chiriguanos: 51<br \/>\n&#x27a1;&#xfe0f; Clorinda: 43<br \/>\n&#x27a1;&#xfe0f; Siete Palmas: 23<br \/>\n&#x27a1;&#xfe0f; Ingeniero Ju\u00e1rez y Laguna Blanca: 16<br \/>\n&#x27a1;&#xfe0f; Pirane: 14<br \/>\n&#x27a1;&#xfe0f; Pozo del Tigre y General Guemes: 12<br \/>\n&#x27a1;&#xfe0f; Villafa\u00f1e y El Espinillo: 11<br \/>\n&#x27a1;&#xfe0f; Riacho He H\u00e9 y Vaca Perdida: 10<br \/>\n&#x27a1;&#xfe0f; General Belgrano: 7<br \/>\n&#x27a1;&#xfe0f; Las Lomitas: 6<br \/>\n&#x27a1;&#xfe0f; Laguna Naineck: 5<br \/>\n&#x27a1;&#xfe0f; El Colorado: 4<br \/>\n&#x27a1;&#xfe0f; Lote 8 y La Rinconada: 3<br \/>\n&#x27a1;&#xfe0f; Bartolom\u00e9 de las Casas, Comandante Fontana, Ibarreta, Palo Santo, La Primavera y Estanislao del Campo: 2<br \/>\n&#x27a1;&#xfe0f; Misi\u00f3n Tacaagl\u00e9, Subteniente Per\u00edn, Colonia Pastoril, El Potrillo, Gran Guardia, Misi\u00f3n Laish\u00ed, Moj\u00f3n de Fierro y Pozo de Maza: 1<br \/>\n&#x1f3e5; 794 pacientes recuperados recibieron el alta m\u00e9dica.<br \/>\n&#x27a1;&#xfe0f; Datos acumulados<br \/>\n&#x1f4cc;25.339 casos diagnosticados<br \/>\n&#x1f4cc;15.540 pacientes recuperados<br \/>\n&#x1f4cc; 396 fallecimientos<br \/>\n&#x1f4cc; 521.598 test realizados &#8211; 4,86 % de positividad acumulada.<\/p>\n","protected":false},"excerpt":{"rendered":"<div class=\"mh-excerpt\"><p>Un nuevo domingo negro en la provincia de Formosa debido a la multiplicaci\u00f3n de casos diarios y a la curva ascendente de fallecidos, hoy se <a class=\"mh-excerpt-more\" href=\"https:\/\/primiciasclorinda.com\/?p=24329\" title=\"Domingo con 949 casos positivos en la provincia y 15 fallecimientos, 3 son de Clorinda\">[&#8230;]<\/a><\/p>\n<\/div>","protected":false},"author":3,"featured_media":24330,"comment_status":"open","ping_status":"open","sticky":false,"template":"","format":"standard","meta":{"footnotes":""},"categories":[4,3],"tags":[26,2870,3023,58],"class_list":["post-24329","post","type-post","status-publish","format-standard","has-post-thumbnail","hentry","category-informacion-general","category-politica-economia","tag-clorinda","tag-coronavirus","tag-covid19","tag-gobierno-de-formosa"],"_links":{"self":[{"href":"https:\/\/primiciasclorinda.com\/index.php?rest_route=\/wp\/v2\/posts\/24329","targetHints":{"allow":["GET"]}}],"collection":[{"href":"https:\/\/primiciasclorinda.com\/index.php?rest_route=\/wp\/v2\/posts"}],"about":[{"href":"https:\/\/primiciasclorinda.com\/index.php?rest_route=\/wp\/v2\/types\/post"}],"author":[{"embeddable":true,"href":"https:\/\/primiciasclorinda.com\/index.php?rest_route=\/wp\/v2\/users\/3"}],"replies":[{"embeddable":true,"href":"https:\/\/primiciasclorinda.com\/index.php?rest_route=%2Fwp%2Fv2%2Fcomments&post=24329"}],"version-history":[{"count":1,"href":"https:\/\/primiciasclorinda.com\/index.php?rest_route=\/wp\/v2\/posts\/24329\/revisions"}],"predecessor-version":[{"id":24331,"href":"https:\/\/primiciasclorinda.com\/index.php?rest_route=\/wp\/v2\/posts\/24329\/revisions\/24331"}],"wp:featuredmedia":[{"embeddable":true,"href":"https:\/\/primiciasclorinda.com\/index.php?rest_route=\/wp\/v2\/media\/24330"}],"wp:attachment":[{"href":"https:\/\/primiciasclorinda.com\/index.php?rest_route=%2Fwp%2Fv2%2Fmedia&parent=24329"}],"wp:term":[{"taxonomy":"category","embeddable":true,"href":"https:\/\/primiciasclorinda.com\/index.php?rest_route=%2Fwp%2Fv2%2Fcategories&post=24329"},{"taxonomy":"post_tag","embeddable":true,"href":"https:\/\/primiciasclorinda.com\/index.php?rest_route=%2Fwp%2Fv2%2Ftags&post=24329"}],"curies":[{"name":"wp","href":"https:\/\/api.w.org\/{rel}","templated":true}]}}