{"id":24143,"date":"2021-05-10T08:45:39","date_gmt":"2021-05-10T11:45:39","guid":{"rendered":"http:\/\/primiciasclorinda.com\/?p=24143"},"modified":"2021-05-10T08:45:39","modified_gmt":"2021-05-10T11:45:39","slug":"coronavirus-celauro-manifesto-su-pesar-por-las-victimas-fatales-y-pidio-un-nuevo-cronograma-de-vacunacion","status":"publish","type":"post","link":"https:\/\/primiciasclorinda.com\/?p=24143","title":{"rendered":"Coronavirus: Celauro manifest\u00f3 su pesar por las v\u00edctimas fatales y pidi\u00f3 un nuevo cronograma de vacunaci\u00f3n"},"content":{"rendered":"<p style=\"text-align: justify;\">El intendente de la ciudad, Manuel Celauro se manifest\u00f3 muy dolido por la cantidad de vecinos que perdieron su vida a casusa del Covid19, adem\u00e1s pidi\u00f3 por un nuevo cronograma de vacunaci\u00f3n.<\/p>\n<p style=\"text-align: justify;\"><strong>Compartimos el comunicado:<\/strong><\/p>\n<p style=\"text-align: justify;\"><u>COMUNICADO MUNICIPAL DE INTERES PUBLICO<\/u><\/p>\n<p style=\"text-align: justify;\">El Intendente Municipal de la ciudad de Clorinda, Don Manuel Celauro, expresa por este medio con profundo pesar, sus m\u00e1s sinceras condolencias y acompa\u00f1amiento a familiares y amigos de los ciudadanos clorindenses fallecidos en este tiempo de pandemia del Coronavirus.<\/p>\n<p style=\"text-align: justify;\">En este marco sanitario, con la circulaci\u00f3n de nuevas variantes del SARS-COV 2 y sus tr\u00e1gicos efectos, el Jefe comunal hizo un renovado pedido al Gobierno de Formosa a que se pueda continuar lo m\u00e1s r\u00e1pido posible con el proceso vacunatorio, sin dejar de reconocer que la ciudad ha tenido un trato diferenciado como consecuencia de la incidencia viral reinante en la jurisdicci\u00f3n, como as\u00ed tambi\u00e9n la oportuna decisi\u00f3n del Gobernador, Dr. Gildo Insfran, de vacunar primero y hasta la clase 1976 inclusive.<\/p>\n<p style=\"text-align: justify;\">Este momento de la historia, frente a la peor crisis sanitaria, econ\u00f3mica y social que enfrenta la humanidad toda, requiere un esfuerzo mancomunado despojados de toda mezquindad he inter\u00e9s particular que se ante ponga al inter\u00e9s del conjunto.<\/p>\n<p style=\"text-align: justify;\">Manuel Celauro:<\/p>\n<p style=\"text-align: justify;\"><strong>\u201cQuiero pedirles que reflexionemos sobre lo que nos est\u00e1 pasando, que refuercen los cuidados, la distancia social, el uso del barbijo, la desinfecci\u00f3n frecuente de las manos y por sobre todo si no es indispensable salir, qued\u00e9monos en casa. Dios y la Virgen nos protejan a todos\u201d.<\/strong><\/p>\n","protected":false},"excerpt":{"rendered":"<div class=\"mh-excerpt\"><p>El intendente de la ciudad, Manuel Celauro se manifest\u00f3 muy dolido por la cantidad de vecinos que perdieron su vida a casusa del Covid19, adem\u00e1s <a class=\"mh-excerpt-more\" href=\"https:\/\/primiciasclorinda.com\/?p=24143\" title=\"Coronavirus: Celauro manifest\u00f3 su pesar por las v\u00edctimas fatales y pidi\u00f3 un nuevo cronograma de vacunaci\u00f3n\">[&#8230;]<\/a><\/p>\n<\/div>","protected":false},"author":3,"featured_media":20268,"comment_status":"open","ping_status":"open","sticky":false,"template":"","format":"standard","meta":{"footnotes":""},"categories":[4,3],"tags":[26,2870,24],"class_list":["post-24143","post","type-post","status-publish","format-standard","has-post-thumbnail","hentry","category-informacion-general","category-politica-economia","tag-clorinda","tag-coronavirus","tag-manuel-celauro"],"_links":{"self":[{"href":"https:\/\/primiciasclorinda.com\/index.php?rest_route=\/wp\/v2\/posts\/24143","targetHints":{"allow":["GET"]}}],"collection":[{"href":"https:\/\/primiciasclorinda.com\/index.php?rest_route=\/wp\/v2\/posts"}],"about":[{"href":"https:\/\/primiciasclorinda.com\/index.php?rest_route=\/wp\/v2\/types\/post"}],"author":[{"embeddable":true,"href":"https:\/\/primiciasclorinda.com\/index.php?rest_route=\/wp\/v2\/users\/3"}],"replies":[{"embeddable":true,"href":"https:\/\/primiciasclorinda.com\/index.php?rest_route=%2Fwp%2Fv2%2Fcomments&post=24143"}],"version-history":[{"count":1,"href":"https:\/\/primiciasclorinda.com\/index.php?rest_route=\/wp\/v2\/posts\/24143\/revisions"}],"predecessor-version":[{"id":24144,"href":"https:\/\/primiciasclorinda.com\/index.php?rest_route=\/wp\/v2\/posts\/24143\/revisions\/24144"}],"wp:featuredmedia":[{"embeddable":true,"href":"https:\/\/primiciasclorinda.com\/index.php?rest_route=\/wp\/v2\/media\/20268"}],"wp:attachment":[{"href":"https:\/\/primiciasclorinda.com\/index.php?rest_route=%2Fwp%2Fv2%2Fmedia&parent=24143"}],"wp:term":[{"taxonomy":"category","embeddable":true,"href":"https:\/\/primiciasclorinda.com\/index.php?rest_route=%2Fwp%2Fv2%2Fcategories&post=24143"},{"taxonomy":"post_tag","embeddable":true,"href":"https:\/\/primiciasclorinda.com\/index.php?rest_route=%2Fwp%2Fv2%2Ftags&post=24143"}],"curies":[{"name":"wp","href":"https:\/\/api.w.org\/{rel}","templated":true}]}}