{"id":23562,"date":"2021-03-27T09:25:05","date_gmt":"2021-03-27T12:25:05","guid":{"rendered":"http:\/\/primiciasclorinda.com\/?p=23562"},"modified":"2021-03-27T09:25:05","modified_gmt":"2021-03-27T12:25:05","slug":"personal-de-radio-sol-afectado-por-covid19-la-emisora-emitio-un-comunicado","status":"publish","type":"post","link":"https:\/\/primiciasclorinda.com\/?p=23562","title":{"rendered":"Personal de Radio Sol afectado por Covid19, la emisora emiti\u00f3 un comunicado"},"content":{"rendered":"<p style=\"text-align: justify;\">Personal de la reconocida emisora local, Radio Sol, obtuvo el resultado positivo a Covid19, seg\u00fan inform\u00f3 el medio. Explicando que la programaci\u00f3n de la misma se ver\u00e1 afectada hasta el pr\u00f3ximo lunes al menos. Desde Primicias Clorinda deseamos la pronta recuperaci\u00f3n de los colegas. Compartimos el comunicado.<\/p>\n<p style=\"text-align: justify;\">Debido a que colaboradores de nuestra emisora dieron positivo a Covid-19, decidimos cerrar preventivamente por 48 hs nuestros estudios, para proceder a su desinfecci\u00f3n. Asimismo solicitamos a todos los que forman parte de nuestro equipo a que se realicen el Hisopado correspondiente, para conocer con precisi\u00f3n nuestra situaci\u00f3n sanitaria, y de esa manera podamos continuar con nuestra programaci\u00f3n a partir del Lunes 29\/03\/2021 con el personal que no est\u00e9 afectado. Agradecemos la paciencia a nuestros auspiciantes y fieles oyentes, y deseamos fuerzas y pronta recuperaci\u00f3n a quienes est\u00e1n cursando esta dif\u00edcil enfermedad.<br \/>\nDIRECCION DE FM CADENA SOL 99.7 MHZ<\/p>\n","protected":false},"excerpt":{"rendered":"<div class=\"mh-excerpt\"><p>Personal de la reconocida emisora local, Radio Sol, obtuvo el resultado positivo a Covid19, seg\u00fan inform\u00f3 el medio. Explicando que la programaci\u00f3n de la misma <a class=\"mh-excerpt-more\" href=\"https:\/\/primiciasclorinda.com\/?p=23562\" title=\"Personal de Radio Sol afectado por Covid19, la emisora emiti\u00f3 un comunicado\">[&#8230;]<\/a><\/p>\n<\/div>","protected":false},"author":3,"featured_media":23563,"comment_status":"open","ping_status":"open","sticky":false,"template":"","format":"standard","meta":{"footnotes":""},"categories":[4,3],"tags":[2870,3023,3224],"class_list":["post-23562","post","type-post","status-publish","format-standard","has-post-thumbnail","hentry","category-informacion-general","category-politica-economia","tag-coronavirus","tag-covid19","tag-medios"],"_links":{"self":[{"href":"https:\/\/primiciasclorinda.com\/index.php?rest_route=\/wp\/v2\/posts\/23562","targetHints":{"allow":["GET"]}}],"collection":[{"href":"https:\/\/primiciasclorinda.com\/index.php?rest_route=\/wp\/v2\/posts"}],"about":[{"href":"https:\/\/primiciasclorinda.com\/index.php?rest_route=\/wp\/v2\/types\/post"}],"author":[{"embeddable":true,"href":"https:\/\/primiciasclorinda.com\/index.php?rest_route=\/wp\/v2\/users\/3"}],"replies":[{"embeddable":true,"href":"https:\/\/primiciasclorinda.com\/index.php?rest_route=%2Fwp%2Fv2%2Fcomments&post=23562"}],"version-history":[{"count":1,"href":"https:\/\/primiciasclorinda.com\/index.php?rest_route=\/wp\/v2\/posts\/23562\/revisions"}],"predecessor-version":[{"id":23564,"href":"https:\/\/primiciasclorinda.com\/index.php?rest_route=\/wp\/v2\/posts\/23562\/revisions\/23564"}],"wp:featuredmedia":[{"embeddable":true,"href":"https:\/\/primiciasclorinda.com\/index.php?rest_route=\/wp\/v2\/media\/23563"}],"wp:attachment":[{"href":"https:\/\/primiciasclorinda.com\/index.php?rest_route=%2Fwp%2Fv2%2Fmedia&parent=23562"}],"wp:term":[{"taxonomy":"category","embeddable":true,"href":"https:\/\/primiciasclorinda.com\/index.php?rest_route=%2Fwp%2Fv2%2Fcategories&post=23562"},{"taxonomy":"post_tag","embeddable":true,"href":"https:\/\/primiciasclorinda.com\/index.php?rest_route=%2Fwp%2Fv2%2Ftags&post=23562"}],"curies":[{"name":"wp","href":"https:\/\/api.w.org\/{rel}","templated":true}]}}