{"id":23548,"date":"2021-03-26T08:07:57","date_gmt":"2021-03-26T11:07:57","guid":{"rendered":"http:\/\/primiciasclorinda.com\/?p=23548"},"modified":"2021-03-26T08:09:08","modified_gmt":"2021-03-26T11:09:08","slug":"el-jefe-del-distrito-sanitario-12-clorinda-se-refirio-al-constante-aumento-de-casos-de-covid19","status":"publish","type":"post","link":"https:\/\/primiciasclorinda.com\/?p=23548","title":{"rendered":"El Jefe del Distrito Sanitario 12 Clorinda se refiri\u00f3 al constante aumento de casos de Covid19"},"content":{"rendered":"<p style=\"text-align: justify;\">Teniendo en cuenta el aumento de los casos de COVID 19 en la ciudad de Clorinda y el retraso del cronograma de vacunaci\u00f3n para la segunda dosis a los mayores de 60 a\u00f1os, el Dr. Daniel Gonz\u00e1lez, Jefe del Distrito Sanitario XII Clorinda, en comunicaci\u00f3n telef\u00f3nica con este medio, informo primeramente que el sistema sanitario viene de un nivel central que es el Ministerio de Salud de la Naci\u00f3n, y la distribuci\u00f3n de las vacunas se comienza a realizar cuando arriban las distintas vacunas y las distintas dosis, eso se distribuye teniendo en cuenta la situaci\u00f3n epidemiol\u00f3gica de la provincia y la provincia realiza otra vez la misma selecci\u00f3n de acuerdo a la situaci\u00f3n epidemiol\u00f3gica de casa localidad.<\/p>\n<p style=\"text-align: justify;\">En el inicio de la campa\u00f1a de vacunaci\u00f3n, hemos aclarado que la prioridad era comenzar con la primera dosis ya que eso nos permite tener un nivel de protecci\u00f3n de al menos un 50 o 60%, eso nos da tiempo para reorganizar a nivel mundial la distribuci\u00f3n de las vacunas para una segunda dosis, necesit\u00e1bamos que la poblaci\u00f3n mundial se encuentre protegida al menos con la primera dosis y eso nos da un margen de tiempo para reorganizar el sistema mundial para el acceso a la segunda dosis.<\/p>\n<p style=\"text-align: justify;\">De esta manera hasta que no tengamos alguna informaci\u00f3n desde el Ministerio de Salud de la Naci\u00f3n y del Ministerio de Desarrollo Humano Clorinda no tiene la posibilidad de seguir con la campa\u00f1a, simplemente porque las vacunas no llegaron al pais. Hay que recordar que las personas que se vacunaron con la Spunik V contin\u00faan con la segunda dosis de Spunik V, los que se vacunaron con la Covisil deben seguir con la misma, no hay posibilidades de aplicarse una dosis de una vacuna y que la segunda dosis sea de otro origen.<\/p>\n<p style=\"text-align: justify;\"><strong>Vacuna Antigripal<br \/>\n<\/strong><br \/>\nEn cuanto a la vacuna antigripal, que se recomienda se aplique en esta \u00e9poca del a\u00f1o, debemos decir que no es recomendable ni 4 semanas antes ni 4 semanas despu\u00e9s, es preferible esperar colocarse la segunda dosis de la vacuna contra el COVID 19, esperar el tiempo prudencial y ah\u00ed si colocarse la vacuna antigripal. Vale aclarar tambi\u00e9n, que muchas personas tienen el concepto err\u00f3neo de que con la vacuna salimos de esto, volcamos la esperanza, pero no hacemos nada al respeto y me refiero a que ninguno de los tres conceptos b\u00e1sicos que tenemos para evitar los contagios de este virus y que nos cansamos de decir y de explicar se cumple, que es el uso correcto del barbijo, porque la gente usa el barbijo pero el 90% lo usa debajo de la nariz, el distanciamiento social y el lavado correcto de manos, y ahora se est\u00e1 incorporando algo que deben entender que forma parte de la responsabilidad ciudadana, individual y colectiva que es evitar los eventos con aglomeraci\u00f3n de gente que es donde se propaga el virus, si bien la vacuna disminuye el contagio pero no podemos volcar nuestra esperanza solo en eso, al contrario tenemos que seguir cuid\u00e1ndonos y cuidar a los dem\u00e1s con estos b\u00e1sicos conceptos sanitarios.<\/p>\n<p style=\"text-align: justify;\">Hay que entender que el sistema sanitario tiene un l\u00edmite, el recurso humano tambi\u00e9n tiene un l\u00edmite y nosotros venimos trabajando hace un a\u00f1o y lo seguimos haciendo con el coraz\u00f3n, con el alma, y con todo lo que tenemos y a veces lo \u00fanico que vemos o escuchamos son los reclamos, nos ven como enemigos, cuando lo \u00fanico que queremos es ayudarlos, se enojan cuando van a un centro sanitario no todos, pero los pocos que asisten son muy ofensivos y hasta cuestionan la metodolog\u00eda de trabajo, por eso aclaro que un centro de atenci\u00f3n sanitaria no es una terapia intensiva, hay un servicio intermedio de 24hs, actualmente tenemos alrededor de 80 pacientes en la Escuela de Comercio, en donde las enfermeras entran por la ma\u00f1ana y entran por la tarde y yo como responsable voy viendo los casos puntuales en donde puede llegar a necesitar una asistencia m\u00e9dica porque la situaci\u00f3n la amerita, pero no por eso el m\u00e9dico tiene que recorrer ma\u00f1ana, tarde, y noche los 80 pacientes, porque tambi\u00e9n debemos realizar la atenci\u00f3n medica en las salas, en Riacho Negro, as\u00ed como las cuadrillas para el hisopado y cuando llegan las vacunas coordinarlos, la sociedad tiene que tener un poco de empat\u00eda y comprender que de esta salimos todos juntos.<\/p>\n<p style=\"text-align: justify;\">Clorinda tiene m\u00e1s de 18 muertos, en los \u00faltimos 15 d\u00edas hemos tenido un aumento exponencial de los n\u00fameros de contagiados, con el agravante que est\u00e1n quedando m\u00e1s tiempo internados, mas poder de contagios y estamos derivando gente menor de 40 a\u00f1os, la poblaci\u00f3n que antes se sent\u00eda protegida hoy no lo est\u00e1, debemos descartar dos cosas o la sumatoria de las dos cosas, la posibilidad de que haya ingresado una nueva cepa a nuestra regi\u00f3n o que haya sido una relajaci\u00f3n de la comunidad o la sumatoria de ambas cosas, por eso la sociedad debe entender que es parte de esta salida hacia una nueva normalidad para poder seguir viviendo de una manera correcta y responsable.<\/p>\n<p style=\"text-align: justify;\">Por \u00faltimo, el Dr. Gonz\u00e1lez explico cual es la metodolog\u00eda que se aplica cuando un paciente da positivo a COVID 19, el sistema del Hospital Interdistrital Evita es un sistema enorme exclusivo para COVID 19, y eso lo explico, porque cuando tengo que derivar un paciente a la hora que sea, hay una orden informatizada donde yo doy la derivaci\u00f3n digitalizada e impacta en la pantalla de la mesa de entrada del Hospital Evita autom\u00e1ticamente la recibe la secretaria de admisi\u00f3n en mesa de entrada y una asistente social, esas personas que son trasladadas durante 12hs se les retira el celular, pero no para que queden incomunicados, sino para que tengan la tranquilidad necesaria y los m\u00e9dicos puedan proceder para los m\u00e9todos de diagn\u00f3sticos a partir de ah\u00ed se les devuelve el celular, de todas maneras hay un encargado en donde solicita un n\u00famero de tel\u00e9fono de un pariente y se le pasa el parte m\u00e9dico del paciente todos los d\u00edas.<\/p>\n<p>Fuente: DiarioClorinda.com<\/p>\n","protected":false},"excerpt":{"rendered":"<div class=\"mh-excerpt\"><p>Teniendo en cuenta el aumento de los casos de COVID 19 en la ciudad de Clorinda y el retraso del cronograma de vacunaci\u00f3n para la <a class=\"mh-excerpt-more\" href=\"https:\/\/primiciasclorinda.com\/?p=23548\" title=\"El Jefe del Distrito Sanitario 12 Clorinda se refiri\u00f3 al constante aumento de casos de Covid19\">[&#8230;]<\/a><\/p>\n<\/div>","protected":false},"author":3,"featured_media":23549,"comment_status":"open","ping_status":"open","sticky":false,"template":"","format":"standard","meta":{"footnotes":""},"categories":[4,3],"tags":[26,3023],"class_list":["post-23548","post","type-post","status-publish","format-standard","has-post-thumbnail","hentry","category-informacion-general","category-politica-economia","tag-clorinda","tag-covid19"],"_links":{"self":[{"href":"https:\/\/primiciasclorinda.com\/index.php?rest_route=\/wp\/v2\/posts\/23548","targetHints":{"allow":["GET"]}}],"collection":[{"href":"https:\/\/primiciasclorinda.com\/index.php?rest_route=\/wp\/v2\/posts"}],"about":[{"href":"https:\/\/primiciasclorinda.com\/index.php?rest_route=\/wp\/v2\/types\/post"}],"author":[{"embeddable":true,"href":"https:\/\/primiciasclorinda.com\/index.php?rest_route=\/wp\/v2\/users\/3"}],"replies":[{"embeddable":true,"href":"https:\/\/primiciasclorinda.com\/index.php?rest_route=%2Fwp%2Fv2%2Fcomments&post=23548"}],"version-history":[{"count":2,"href":"https:\/\/primiciasclorinda.com\/index.php?rest_route=\/wp\/v2\/posts\/23548\/revisions"}],"predecessor-version":[{"id":23551,"href":"https:\/\/primiciasclorinda.com\/index.php?rest_route=\/wp\/v2\/posts\/23548\/revisions\/23551"}],"wp:featuredmedia":[{"embeddable":true,"href":"https:\/\/primiciasclorinda.com\/index.php?rest_route=\/wp\/v2\/media\/23549"}],"wp:attachment":[{"href":"https:\/\/primiciasclorinda.com\/index.php?rest_route=%2Fwp%2Fv2%2Fmedia&parent=23548"}],"wp:term":[{"taxonomy":"category","embeddable":true,"href":"https:\/\/primiciasclorinda.com\/index.php?rest_route=%2Fwp%2Fv2%2Fcategories&post=23548"},{"taxonomy":"post_tag","embeddable":true,"href":"https:\/\/primiciasclorinda.com\/index.php?rest_route=%2Fwp%2Fv2%2Ftags&post=23548"}],"curies":[{"name":"wp","href":"https:\/\/api.w.org\/{rel}","templated":true}]}}