{"id":23545,"date":"2021-03-26T08:02:14","date_gmt":"2021-03-26T11:02:14","guid":{"rendered":"http:\/\/primiciasclorinda.com\/?p=23545"},"modified":"2021-03-26T08:02:14","modified_gmt":"2021-03-26T11:02:14","slug":"murieron-146-personas-y-8-238-fueron-diagnosticadas-con-coronavirus-en-el-pais","status":"publish","type":"post","link":"https:\/\/primiciasclorinda.com\/?p=23545","title":{"rendered":"Murieron 146 personas y 8.238 fueron diagnosticadas con coronavirus en el pa\u00eds"},"content":{"rendered":"<p style=\"text-align: justify;\">Con las cifras de este jueves suman 55.092 los fallecidos y 2.278.115 los contagiados desde el inicio de la pandemia.<\/p>\n<p style=\"text-align: justify;\">Otras 146 personas murieron y 8.238 fueron reportadas con coronavirus este jueves en la Argentina, el Gobierno nacional decidi\u00f3 suspender a partir del s\u00e1bado pr\u00f3ximo los vuelos procedentes de Brasil, Chile y M\u00e9xico, y la ministra de Salud, Carla Vizzotti, anunci\u00f3 este jueves que la Anmat recomend\u00f3 autorizar el uso de emergencia de la vacuna Sinopharm en el grupo de mayores de 60 a\u00f1os.<\/p>\n<p style=\"text-align: justify;\">El Ministerio de Salud inform\u00f3 que, con los \u00faltimos registros, suman 55.092 los fallecidos registrados a nivel nacional y 2.278.115 los contagiados desde el inicio de la pandemia.<\/p>\n<p style=\"text-align: justify;\">La cartera sanitaria indic\u00f3 que son 3.585 los internados en unidades de terapia intensiva, con un porcentaje de ocupaci\u00f3n de camas de adultos de 54,9 % en el pa\u00eds y del 57,8 % en la \u00c1rea Metropolitana Buenos Aires.<\/p>\n<p style=\"text-align: justify;\">De acuerdo al Monitor P\u00fablico de Vacunaci\u00f3n actualizado a las 18, fueron inoculadas 3.446.433 personas, de las cuales 2.800.242 recibieron una sola dosis y 646.191 dos, mientras que se distribuyeron en todo el pa\u00eds 4.197.945.<\/p>\n<p style=\"text-align: justify;\">Un 61,9 % (5.100 personas) de los infectados del jueves (8.238) corresponden a la Ciudad y a la Provincia de Buenos Aires.<\/p>\n<p style=\"text-align: justify;\">De los 2.278.115 contagiados, el 90.27 % (2.056.472) recibi\u00f3 el alta y 166.551 son casos activos.<\/p>\n<p style=\"text-align: justify;\">El reporte consign\u00f3 que murieron 80 hombres y 64 mujeres, en tanto que una persona de la provincia de Buenos Aires y 1 de la provincia de Santa Fe fueron registradas sin dato de sexo.<\/p>\n<p style=\"text-align: justify;\">Suspenden vuelos desde Brasil, Chile y M\u00e9xico<\/p>\n<p style=\"text-align: justify;\">Mientras tanto el Gobierno nacional decidi\u00f3 suspender a partir del s\u00e1bado pr\u00f3ximo los vuelos procedentes de Brasil, Chile y M\u00e9xico, debido a los crecientes casos de coronavirus en esos pa\u00edses, informaron fuentes oficiales.<\/p>\n<p style=\"text-align: justify;\">La medida entrar\u00e1 en vigencia desde el s\u00e1bado, de acuerdo a una decisi\u00f3n administrativa del jefe de Gabinete, Santiago Cafiero, y a los tres pa\u00edses mencionados se suma el Reino Unido de Gran Breta\u00f1a e Irlanda del Norte, cuyos vuelos hacia la Argentina ya se encuentran suspendidos.<\/p>\n<p style=\"text-align: justify;\">Autorizan la Sinopharm para mayores de 60<\/p>\n<p style=\"text-align: justify;\">Asimismo la Administraci\u00f3n Nacional de Medicamentos y Tecnolog\u00eda M\u00e9dica (Anmat) recomend\u00f3 el jueves al Ministerio de Salud autorizar el uso de emergencia de la vacuna Sinopharm contra el coronavirus en el grupo de mayores de 60 a\u00f1os.<\/p>\n<p style=\"text-align: justify;\">La Anmat indic\u00f3 que \u00abla seguridad analizada en el ensayo de Fase III entre el grupo de vacunados y el grupo placebo, resulta con un perfil aceptable y hasta el momento del an\u00e1lisis no hubo eventos adversos inesperados o graves relacionados al producto\u00bb.<\/p>\n<p style=\"text-align: justify;\">La inmunogenicidad correspondiente al grupo etario de mayores de 60 a\u00f1os presenta una cantidad de anticuerpos neutralizantes compatible con el de menores de 59 a\u00f1os.<\/p>\n<p style=\"text-align: justify;\">Esto sucede en momentos en que en algunas provincias. como la de Buenos Aires, se produce un incremento de casos y los expertos advierten por la llegada de una segunda ola de coronavirus.<\/p>\n<p style=\"text-align: justify;\">En este sentido, el viceministro de Salud bonaerense, Nicol\u00e1s Kreplak, advirti\u00f3 sobre un aumento de contagios de coronavirus en la regi\u00f3n, pidi\u00f3 reforzar los cuidados porque \u00abla pandemia no pas\u00f3\u00bb y no descart\u00f3 que se deban volver a \u00abrestringir actividades\u00bb<\/p>\n<p style=\"text-align: justify;\">A su vez, la ministra de Gobierno bonaerense, Mar\u00eda Teresa Garc\u00eda, apel\u00f3 a aumentar los cuidados exhaustivos y la conciencia social por la disparada de casos de coronavirus en pa\u00edses lim\u00edtrofes, y adelant\u00f3 que \u00abalguna restricci\u00f3n\u00bb local va a establecerse ya que la vacunaci\u00f3n \u00abno detiene la circulaci\u00f3n del virus\u00bb.<\/p>\n<p style=\"text-align: justify;\">En Europa<\/p>\n<p style=\"text-align: justify;\">En el plano internacional, Alemania generalizar\u00e1 a partir del domingo los test de coronavirus obligatorios de menos de 48 horas de antig\u00fcedad para viajeros procedentes del exterior en avi\u00f3n, anunci\u00f3 el Gobierno, preocupado por la avalancha de turistas hacia Mallorca (Espa\u00f1a).<\/p>\n<p style=\"text-align: justify;\">Por su parte Francia ampliar\u00e1 a otros tres departamentos el confinamiento parcial que rige ya en una parte del pa\u00eds, incluyendo Par\u00eds, ante la situaci\u00f3n \u00abcr\u00edtica\u00bb que presentan los hospitales frente a la tercera ola de coronavirus, anunciaron este jueves las autoridades.<\/p>\n<p style=\"text-align: justify;\">En tanto, la Uni\u00f3n Europea reclama a AstraZeneca que no exporte vacunas hasta cumplir con entregas al bloque y Pfizer anunci\u00f3 que empez\u00f3 ensayos cl\u00ednicos para probar su vacuna en ni\u00f1os.<\/p>\n<p style=\"text-align: justify;\">En la regi\u00f3n, la cifra de muertos por coronavirus en Brasil, que el mi\u00e9rcoles super\u00f3 los 300.000, podr\u00eda llegar a 400.000 en dos meses o incluso antes si el Gobierno del presidente Jair Bolsonaro se sigue negando a adoptar una cuarentena nacional, advirtieron autoridades de salud.<\/p>\n<p style=\"text-align: justify;\">En Chile, casi 14 millones de personas, cerca del 70% de la poblaci\u00f3n, entraron este jueves en una nueva cuarentena debido a un fuerte aumento de los casos de coronavirus.<\/p>\n<p style=\"text-align: justify;\">Y en Paraguay, la mutaci\u00f3n brasile\u00f1a de la Covid-19 detectada por primera vez en la ciudad brasile\u00f1a de Manaos ya circula en varias regiones de Paraguay, inform\u00f3 el Ministerio de Salud, que atribuy\u00f3 a esa causa el alto nivel de contagios en el pa\u00eds desde hace semanas.<\/p>\n","protected":false},"excerpt":{"rendered":"<div class=\"mh-excerpt\"><p>Con las cifras de este jueves suman 55.092 los fallecidos y 2.278.115 los contagiados desde el inicio de la pandemia. Otras 146 personas murieron y <a class=\"mh-excerpt-more\" href=\"https:\/\/primiciasclorinda.com\/?p=23545\" title=\"Murieron 146 personas y 8.238 fueron diagnosticadas con coronavirus en el pa\u00eds\">[&#8230;]<\/a><\/p>\n<\/div>","protected":false},"author":3,"featured_media":23546,"comment_status":"open","ping_status":"open","sticky":false,"template":"","format":"standard","meta":{"footnotes":""},"categories":[4,3],"tags":[2870,3023],"class_list":["post-23545","post","type-post","status-publish","format-standard","has-post-thumbnail","hentry","category-informacion-general","category-politica-economia","tag-coronavirus","tag-covid19"],"_links":{"self":[{"href":"https:\/\/primiciasclorinda.com\/index.php?rest_route=\/wp\/v2\/posts\/23545","targetHints":{"allow":["GET"]}}],"collection":[{"href":"https:\/\/primiciasclorinda.com\/index.php?rest_route=\/wp\/v2\/posts"}],"about":[{"href":"https:\/\/primiciasclorinda.com\/index.php?rest_route=\/wp\/v2\/types\/post"}],"author":[{"embeddable":true,"href":"https:\/\/primiciasclorinda.com\/index.php?rest_route=\/wp\/v2\/users\/3"}],"replies":[{"embeddable":true,"href":"https:\/\/primiciasclorinda.com\/index.php?rest_route=%2Fwp%2Fv2%2Fcomments&post=23545"}],"version-history":[{"count":1,"href":"https:\/\/primiciasclorinda.com\/index.php?rest_route=\/wp\/v2\/posts\/23545\/revisions"}],"predecessor-version":[{"id":23547,"href":"https:\/\/primiciasclorinda.com\/index.php?rest_route=\/wp\/v2\/posts\/23545\/revisions\/23547"}],"wp:featuredmedia":[{"embeddable":true,"href":"https:\/\/primiciasclorinda.com\/index.php?rest_route=\/wp\/v2\/media\/23546"}],"wp:attachment":[{"href":"https:\/\/primiciasclorinda.com\/index.php?rest_route=%2Fwp%2Fv2%2Fmedia&parent=23545"}],"wp:term":[{"taxonomy":"category","embeddable":true,"href":"https:\/\/primiciasclorinda.com\/index.php?rest_route=%2Fwp%2Fv2%2Fcategories&post=23545"},{"taxonomy":"post_tag","embeddable":true,"href":"https:\/\/primiciasclorinda.com\/index.php?rest_route=%2Fwp%2Fv2%2Ftags&post=23545"}],"curies":[{"name":"wp","href":"https:\/\/api.w.org\/{rel}","templated":true}]}}