{"id":23539,"date":"2021-03-25T18:35:39","date_gmt":"2021-03-25T21:35:39","guid":{"rendered":"http:\/\/primiciasclorinda.com\/?p=23539"},"modified":"2021-03-25T18:35:39","modified_gmt":"2021-03-25T21:35:39","slug":"dos-fallecimientos-en-clorinda-por-covid19-y-18-nuevos-casos-positivos","status":"publish","type":"post","link":"https:\/\/primiciasclorinda.com\/?p=23539","title":{"rendered":"Dos fallecimientos en Clorinda por Covid19 y 18 nuevos casos positivos"},"content":{"rendered":"<p style=\"text-align: justify;\">Se trata de dos vecinos de Clorinda de 61 y 69 a\u00f1os. Los diagn\u00f3sticos son de la Ciudad de Formosa, Clorinda, Ibarreta, Estanislao del Campo y un ingreso desde Corrientes.<\/p>\n<p style=\"text-align: justify;\">El Consejo de Atenci\u00f3n Integral de la Emergencia COVID 19 \u201cDr. Enrique Servi\u00e1n\u201d, anunci\u00f3 el fallecimiento de dos comprovincianos por coronavirus.<\/p>\n<p style=\"text-align: justify;\">La primera v\u00edctima fatal es Francisco, un vecino de Clorinda de 61 a\u00f1os, con comorbilidades, quien se encontraba internado en el Hospital Central de la ciudad capital, y ante el diagn\u00f3stico positivo a coronavirus fue derivado el 18 de marzo al Hospital Interdistrital Evita con neumon\u00eda por COVID-19. El paciente tuvo una mala evoluci\u00f3n, requiriendo asistencia respiratoria mec\u00e1nica, y a pesar del tratamiento m\u00e9dico indicado, no pudo revertirse su estado cr\u00edtico, y falleci\u00f3 el pasado mi\u00e9rcoles por la tarde.<\/p>\n<p style=\"text-align: justify;\">La segunda paciente fallecida es Marina, una vecina de Clorinda de 69 a\u00f1os, con comorbilidades, quien consult\u00f3 por s\u00edntomas al hospital distrital de dicha localidad el d\u00eda 18 de marzo, y ante el diagn\u00f3stico positivo a coronavirus fue derivada al Hospital Interdistrital Evita, con un cuadro de neumon\u00eda. La paciente desmejor\u00f3 r\u00e1pidamente, requiriendo asistencia respiratoria mec\u00e1nica, y a pesar del tratamiento y las maniobras realizadas, falleci\u00f3 este jueves por la ma\u00f1ana producto de la evoluci\u00f3n del COVID-19.<\/p>\n<p style=\"text-align: justify;\">\u201cExpresamos nuestras condolencias a los familiares y seres queridos de Francisco y Marina\u201d, sostuvo el organismo.<\/p>\n<p style=\"text-align: justify;\">Adem\u00e1s, el Consejo inform\u00f3 que, en las \u00faltimas 24 horas, se realizaron 3396 test de vigilancia y b\u00fasqueda activa de casos, arrojando 49 de ellos resultados positivos a coronavirus, en personas de entre 8 a 80 a\u00f1os.<\/p>\n<p style=\"text-align: justify;\">Del total, 28 corresponden a la Ciudad de Formosa: 11 contactos estrechos, 10 por b\u00fasqueda activa, tres consultas por s\u00edntomas, dos consultas por egreso de la ciudad y dos controles por internaci\u00f3n; 18 a Clorinda: seis consultas por s\u00edntomas, seis por b\u00fasqueda activa, tres consultas por egreso de la ciudad, dos controles por internaci\u00f3n y un contacto estrecho; uno es de Ibarreta por consulta por egreso de la localidad; un contacto estrecho de Estanislao del Campo; y un ingreso desde la provincia de Corrientes.<\/p>\n<p style=\"text-align: justify;\">Tambi\u00e9n, este jueves se dar\u00e1 de alta m\u00e9dica a 19 pacientes: seis pacientes del Hospital Interdistrital Evita; ocho del Centro de Atenci\u00f3n Sanitaria N\u00b0 15 de Clorinda; uno del Centro de Atenci\u00f3n Sanitaria N\u00b0 22 de Formosa; cuatro en aislamiento domiciliario.<\/p>\n<p style=\"text-align: justify;\">En ese marco, al 25 de marzo de 2021, en la provincia de Formosa se diagnosticaron 2.185 casos de coronavirus, de los cuales 1.480 se recuperaron, 643 est\u00e1n activos, 31 fallecieron y 31 egresaron de la provincia. Y se llevaron a cabo 216.435 test con el 1,01% de positividad.<\/p>\n<p style=\"text-align: justify;\">Con relaci\u00f3n a las ciudades con incidencia diferenciada de COVID-19, en Formosa Capital, se detectaron 560 casos, de los cuales 251 est\u00e1n activos y cinco fallecieron; en Clorinda, se diagnosticaron 665 casos, de los cuales 235 permanecen activos y 20 fallecieron; y en Ingeniero Ju\u00e1rez, se detectaron 265 casos, de los cuales ninguno permanece activo y dos fallecieron.<\/p>\n<p style=\"text-align: justify;\">Controles<\/p>\n<p style=\"text-align: justify;\">En las \u00faltimas 24 horas, la Polic\u00eda de la provincia detect\u00f3 el ingreso de 671 camiones de carga, de 218 veh\u00edculos y de 513 personas; control\u00f3 en la v\u00eda p\u00fablica a 8.459 personas y 6.161 veh\u00edculos; labr\u00f3 actas de infracci\u00f3n a cuatro veh\u00edculos y 259 personas por incumplimiento de medidas sanitarias; intervino una fiesta privada y registr\u00f3 dos ingresos irregulares judicializados.<\/p>\n<p style=\"text-align: justify;\">Mayor pico de contagios<\/p>\n<p style=\"text-align: justify;\">El Consejo advirti\u00f3 que Formosa transita el mayor pico de contagios, casos activos y fallecimientos por COVID-19 desde el inicio de la pandemia.<\/p>\n<p style=\"text-align: justify;\">Durante el mes de marzo se diagnosticaron 817 casos nuevos a coronavirus y 13 fallecimientos, sumando los dos ocurridos en esta \u00faltima jornada. Esto significa que en estos d\u00edas de marzo se dieron 37% de los casos positivos totales y el 42% de las muertes totales por COVID-19 desde el inicio de la pandemia.<\/p>\n<p style=\"text-align: justify;\">Las ciudades de Formosa capital y Clorinda explican el 77% de estos contagios y el 85% de las muertes por COVID-19 durante este mes. \u201cMuchos de estos contagios est\u00e1n directamente relacionados a las aglomeraciones de personas y marchas organizadas en violaci\u00f3n de las medidas sanitarias dispuestas para el cuidado de la salud y la vida de los formose\u00f1os y formose\u00f1as\u201d indic\u00f3 el \u00f3rgano.<\/p>\n<p style=\"text-align: justify;\">\u201cEl virus no conoce de bander\u00edas pol\u00edticas ni perdona. La irresponsabilidad se refleja en los contagios, y los contagios se reflejan en fallecimientos de comprovincianos por esta enfermedad\u201d, sostuvo el organismo.<\/p>\n<p style=\"text-align: justify;\">Y concluy\u00f3: \u201cSeamos responsables y seamos cuidadosos con la salud y la vida propias, de nuestros seres queridos y de toda la comunidad\u201d.<\/p>\n","protected":false},"excerpt":{"rendered":"<div class=\"mh-excerpt\"><p>Se trata de dos vecinos de Clorinda de 61 y 69 a\u00f1os. Los diagn\u00f3sticos son de la Ciudad de Formosa, Clorinda, Ibarreta, Estanislao del Campo <a class=\"mh-excerpt-more\" href=\"https:\/\/primiciasclorinda.com\/?p=23539\" title=\"Dos fallecimientos en Clorinda por Covid19 y 18 nuevos casos positivos\">[&#8230;]<\/a><\/p>\n<\/div>","protected":false},"author":3,"featured_media":23540,"comment_status":"open","ping_status":"open","sticky":false,"template":"","format":"standard","meta":{"footnotes":""},"categories":[4,3],"tags":[26,2870],"class_list":["post-23539","post","type-post","status-publish","format-standard","has-post-thumbnail","hentry","category-informacion-general","category-politica-economia","tag-clorinda","tag-coronavirus"],"_links":{"self":[{"href":"https:\/\/primiciasclorinda.com\/index.php?rest_route=\/wp\/v2\/posts\/23539","targetHints":{"allow":["GET"]}}],"collection":[{"href":"https:\/\/primiciasclorinda.com\/index.php?rest_route=\/wp\/v2\/posts"}],"about":[{"href":"https:\/\/primiciasclorinda.com\/index.php?rest_route=\/wp\/v2\/types\/post"}],"author":[{"embeddable":true,"href":"https:\/\/primiciasclorinda.com\/index.php?rest_route=\/wp\/v2\/users\/3"}],"replies":[{"embeddable":true,"href":"https:\/\/primiciasclorinda.com\/index.php?rest_route=%2Fwp%2Fv2%2Fcomments&post=23539"}],"version-history":[{"count":1,"href":"https:\/\/primiciasclorinda.com\/index.php?rest_route=\/wp\/v2\/posts\/23539\/revisions"}],"predecessor-version":[{"id":23541,"href":"https:\/\/primiciasclorinda.com\/index.php?rest_route=\/wp\/v2\/posts\/23539\/revisions\/23541"}],"wp:featuredmedia":[{"embeddable":true,"href":"https:\/\/primiciasclorinda.com\/index.php?rest_route=\/wp\/v2\/media\/23540"}],"wp:attachment":[{"href":"https:\/\/primiciasclorinda.com\/index.php?rest_route=%2Fwp%2Fv2%2Fmedia&parent=23539"}],"wp:term":[{"taxonomy":"category","embeddable":true,"href":"https:\/\/primiciasclorinda.com\/index.php?rest_route=%2Fwp%2Fv2%2Fcategories&post=23539"},{"taxonomy":"post_tag","embeddable":true,"href":"https:\/\/primiciasclorinda.com\/index.php?rest_route=%2Fwp%2Fv2%2Ftags&post=23539"}],"curies":[{"name":"wp","href":"https:\/\/api.w.org\/{rel}","templated":true}]}}