{"id":23536,"date":"2021-03-25T18:29:04","date_gmt":"2021-03-25T21:29:04","guid":{"rendered":"http:\/\/primiciasclorinda.com\/?p=23536"},"modified":"2021-03-25T18:29:04","modified_gmt":"2021-03-25T21:29:04","slug":"complejo-panorama-aumentaran-a-70-las-camas-de-terapia-intensiva-en-distintos-nosocomios-de-la-provincia","status":"publish","type":"post","link":"https:\/\/primiciasclorinda.com\/?p=23536","title":{"rendered":"Complejo panorama: Aumentar\u00e1n a 70 las camas de terapia intensiva en distintos nosocomios de la provincia"},"content":{"rendered":"<p style=\"text-align: justify;\">Una vez m\u00e1s, se inst\u00f3 a la colaboraci\u00f3n ciudadana para evitar nuevos contagios. A este jueves, son 31 las personas en UTI del Hospital Interdistrital de la Contingencia Evita<\/p>\n<p style=\"text-align: justify;\">El m\u00e9dico infect\u00f3logo Juli\u00e1n Bibolini, explic\u00f3 el escenario epidemiol\u00f3gico en el que se encuentra la provincia de Formosa y advirti\u00f3 que el sistema sanitario del pa\u00eds y pa\u00edses lim\u00edtrofes se encuentran sometidos a una presi\u00f3n mucho mayor en esta \u201csegunda ola\u201d.<\/p>\n<p style=\"text-align: justify;\">\n\u201cSe est\u00e1 complejizando la situaci\u00f3n epidemiol\u00f3gica de Formosa y de los pa\u00edses que nos rodean \u2013adem\u00e1s el virus est\u00e1 mutando con las multiplicaciones ya que son miles de mutaciones- algunas desfavorables para el virus, pero otras que le da mayor ventaja para transmitirse, y son mucho m\u00e1s mortales para quienes lo padezcan\u201d, comenz\u00f3 el especialista.<\/p>\n<p style=\"text-align: justify;\">En este sentido, puso en relieve la preocupaci\u00f3n ante las nuevas cepas del coronavirus, ya que los casos vienen en aumento a pesar de los avances en la vacunaci\u00f3n, especialmente por la aparici\u00f3n de la variante de Manaos o P1 que se est\u00e1 expandiendo, provocando m\u00e1s infecciones y muertes.<\/p>\n<p style=\"text-align: justify;\">Entre los pa\u00edses m\u00e1s afectados se encuentran Brasil y Chile, que registraron en las \u00faltimas semanas r\u00e9cords de infecciones, mientras que en Per\u00fa y Uruguay las muertes crecen por la nueva mutaci\u00f3n originada en Manaos. En Argentina ya se habla de segunda ola.<\/p>\n<p style=\"text-align: justify;\">En este contexto, Bibolini marc\u00f3 que \u201cla posibilidad de que aparezcan ac\u00e1 son inmensas porque las fronteras no est\u00e1n cerradasy los pa\u00edses vecinos est\u00e1n sobresaturados, Brasil, Paraguay, Uruguay, Chile, y ahora la Argentina que comienza a aumentar los casos por lo que se asegura la inminente llegada de la segunda ola, que esperamos ser\u00e1 m\u00e1s compleja\u201d.<\/p>\n<p style=\"text-align: justify;\">Refuerzo sanitario<\/p>\n<p style=\"text-align: justify;\">Por tal motivo, el Gobierno de Formosa se aboc\u00f3 a la planificaci\u00f3n y refuncionalizaci\u00f3n de nosocomios y centros de salud, \u201cal no estar exentos, estamos planificando ampliar y refuncionalizar algunas salas y hospitales\u201d, indic\u00f3 Bibolini.<\/p>\n<p style=\"text-align: justify;\">Detall\u00f3 que uno de ellos es \u201cel Hospital Evita, que cuenta con 40 camas en la Unidad de Terapia Intensiva (UTI), y 128 para casos leves o moderados,adem\u00e1s de tener dentro el Hospital de D\u00eda -que funcion\u00f3 cuando originalmente se mont\u00f3 como Hospital Polivalente- bueno, esa \u00e1rea se va a comenzar a utilizar tambi\u00e9n y se ampliar\u00e1 de 15 (que hay en la actualidad) a 30, para casos leves y moderados\u201d.<\/p>\n<p style=\"text-align: justify;\">\u201cLo mismo suceder\u00e1 en el Hospital Distrital N\u00b0 8, que ya dispone de un \u00e1rea para terapia intensiva, y quedar\u00e1 exclusivo para pacientes con diagn\u00f3stico COVID, son 8 camas m\u00e1s\u201d, continu\u00f3.<\/p>\n<p style=\"text-align: justify;\">Otras 11 del Hospital de Alta Complejidad, cinco del Hospital Central, seisen el Hospital de La Madre y El Ni\u00f1o, \u201cen total estamos alcanzando las 70 camas de terapia intensiva y adem\u00e1s, sumaremos unas 50 camas mas para moderados y leves\u201d.<\/p>\n<p style=\"text-align: justify;\">En cuanto a la ciudad de Clorinda, Juli\u00e1n Bibolini inform\u00f3 que se refuncionaliz\u00f3 la terapia intensiva del Hospital Dr. Cruz Felipe Arnedo, \u201cten\u00eda cuatro camas y se van a agregar dosm\u00e1sen una sala pr\u00f3xima a la terapia\u201d.<\/p>\n<p style=\"text-align: justify;\">\u201cNo s\u00f3lo es cuesti\u00f3n de camas\u201d<\/p>\n<p style=\"text-align: justify;\">El doctor Bibolini puso en relieve que es fundamental \u2013adem\u00e1s de las camas cr\u00edticas- contar con el personal capacitado para tama\u00f1a labor, \u201cestamos prepar\u00e1ndonos y no solamente es la presencia de un espacio f\u00edsico sino todo lo que lleva una terapia intensiva, las camas especiales para terapia, los respiradores, el equipamiento que lleva, y el recurso humano capacitado para \u00e1reas cr\u00edticas\u201d.<\/p>\n<p style=\"text-align: justify;\">\u201cNo tenemos mucho tiempo viendo el ritmo con el que avanza la pandemia, viene empeorando d\u00eda a d\u00eda\u201d, advirti\u00f3.<\/p>\n<p style=\"text-align: justify;\">Parte m\u00e9dico<\/p>\n<p style=\"text-align: justify;\">Por \u00faltimo, Bibolini coment\u00f3 que de los 643 pacientes con COVID, 97 transitan la enfermedad en el Hospital Evita, \u201ctenemos 97 personas en el HIEF, 31 est\u00e1n en terapia intensiva \u2013graves- y 29 de ellos con asistencia respiratoria mec\u00e1nica\u201d.<\/p>\n<p style=\"text-align: justify;\">Sobre los pacientes restantes, el especialista indic\u00f3 que se encuentran en buen estado general de salud, con controles m\u00e9dicos y de enfermer\u00eda, y que \u201cquienes requieran de alg\u00fan estudio en particular tienen el debido acceso y si su cuadro desmejora ser\u00e1 trasladado de inmediato al Evita\u201d.<\/p>\n","protected":false},"excerpt":{"rendered":"<div class=\"mh-excerpt\"><p>Una vez m\u00e1s, se inst\u00f3 a la colaboraci\u00f3n ciudadana para evitar nuevos contagios. A este jueves, son 31 las personas en UTI del Hospital Interdistrital <a class=\"mh-excerpt-more\" href=\"https:\/\/primiciasclorinda.com\/?p=23536\" title=\"Complejo panorama: Aumentar\u00e1n a 70 las camas de terapia intensiva en distintos nosocomios de la provincia\">[&#8230;]<\/a><\/p>\n<\/div>","protected":false},"author":3,"featured_media":23537,"comment_status":"open","ping_status":"open","sticky":false,"template":"","format":"standard","meta":{"footnotes":""},"categories":[4,3],"tags":[3023,3543],"class_list":["post-23536","post","type-post","status-publish","format-standard","has-post-thumbnail","hentry","category-informacion-general","category-politica-economia","tag-covid19","tag-terapia-intensiva"],"_links":{"self":[{"href":"https:\/\/primiciasclorinda.com\/index.php?rest_route=\/wp\/v2\/posts\/23536","targetHints":{"allow":["GET"]}}],"collection":[{"href":"https:\/\/primiciasclorinda.com\/index.php?rest_route=\/wp\/v2\/posts"}],"about":[{"href":"https:\/\/primiciasclorinda.com\/index.php?rest_route=\/wp\/v2\/types\/post"}],"author":[{"embeddable":true,"href":"https:\/\/primiciasclorinda.com\/index.php?rest_route=\/wp\/v2\/users\/3"}],"replies":[{"embeddable":true,"href":"https:\/\/primiciasclorinda.com\/index.php?rest_route=%2Fwp%2Fv2%2Fcomments&post=23536"}],"version-history":[{"count":1,"href":"https:\/\/primiciasclorinda.com\/index.php?rest_route=\/wp\/v2\/posts\/23536\/revisions"}],"predecessor-version":[{"id":23538,"href":"https:\/\/primiciasclorinda.com\/index.php?rest_route=\/wp\/v2\/posts\/23536\/revisions\/23538"}],"wp:featuredmedia":[{"embeddable":true,"href":"https:\/\/primiciasclorinda.com\/index.php?rest_route=\/wp\/v2\/media\/23537"}],"wp:attachment":[{"href":"https:\/\/primiciasclorinda.com\/index.php?rest_route=%2Fwp%2Fv2%2Fmedia&parent=23536"}],"wp:term":[{"taxonomy":"category","embeddable":true,"href":"https:\/\/primiciasclorinda.com\/index.php?rest_route=%2Fwp%2Fv2%2Fcategories&post=23536"},{"taxonomy":"post_tag","embeddable":true,"href":"https:\/\/primiciasclorinda.com\/index.php?rest_route=%2Fwp%2Fv2%2Ftags&post=23536"}],"curies":[{"name":"wp","href":"https:\/\/api.w.org\/{rel}","templated":true}]}}