{"id":23524,"date":"2021-03-24T12:53:46","date_gmt":"2021-03-24T15:53:46","guid":{"rendered":"http:\/\/primiciasclorinda.com\/?p=23524"},"modified":"2021-03-24T12:53:46","modified_gmt":"2021-03-24T15:53:46","slug":"celauro-aseguro-que-denunciara-a-quienes-produjeron-los-incidentes-frente-a-su-domicilio","status":"publish","type":"post","link":"https:\/\/primiciasclorinda.com\/?p=23524","title":{"rendered":"Celauro asegur\u00f3 que denunciar\u00e1 a quienes produjeron los incidentes frente a su domicilio"},"content":{"rendered":"<p>Esta ma\u00f1ana el intendente, Manuel Celauro realiz\u00f3 una conferencia de prensa donde explic\u00f3 que sucedi\u00f3 frente a su domicilio ayer por la noche, \u00abla protesta estuvo armada, y no fue pac\u00edfica\u00bb. Adem\u00e1s explic\u00f3 las medidas que tom\u00f3 en el d\u00eda de ayer. En cuanto a los incidentes asegur\u00f3 que ir\u00e1 a la justicia para denunciar a quienes intentaron ingresar a su domicilio de forma violenta.<\/p>\n<p><strong>Vemos la totalidad de la conferencia de prensa<\/strong><\/p>\n<p><iframe loading=\"lazy\" style=\"border: none; overflow: hidden;\" src=\"https:\/\/www.facebook.com\/plugins\/video.php?height=288&amp;href=https%3A%2F%2Fwww.facebook.com%2Fprimiciasclorinda%2Fvideos%2F466931881095968%2F&amp;show_text=false&amp;width=560\" width=\"560\" height=\"288\" frameborder=\"0\" scrolling=\"no\" allowfullscreen=\"allowfullscreen\"><\/iframe><\/p>\n","protected":false},"excerpt":{"rendered":"<div class=\"mh-excerpt\"><p>Esta ma\u00f1ana el intendente, Manuel Celauro realiz\u00f3 una conferencia de prensa donde explic\u00f3 que sucedi\u00f3 frente a su domicilio ayer por la noche, \u00abla protesta <a class=\"mh-excerpt-more\" href=\"https:\/\/primiciasclorinda.com\/?p=23524\" title=\"Celauro asegur\u00f3 que denunciar\u00e1 a quienes produjeron los incidentes frente a su domicilio\">[&#8230;]<\/a><\/p>\n<\/div>","protected":false},"author":3,"featured_media":23525,"comment_status":"open","ping_status":"open","sticky":false,"template":"","format":"standard","meta":{"footnotes":""},"categories":[4,3],"tags":[26,3023,1422,24],"class_list":["post-23524","post","type-post","status-publish","format-standard","has-post-thumbnail","hentry","category-informacion-general","category-politica-economia","tag-clorinda","tag-covid19","tag-incidentes","tag-manuel-celauro"],"_links":{"self":[{"href":"https:\/\/primiciasclorinda.com\/index.php?rest_route=\/wp\/v2\/posts\/23524","targetHints":{"allow":["GET"]}}],"collection":[{"href":"https:\/\/primiciasclorinda.com\/index.php?rest_route=\/wp\/v2\/posts"}],"about":[{"href":"https:\/\/primiciasclorinda.com\/index.php?rest_route=\/wp\/v2\/types\/post"}],"author":[{"embeddable":true,"href":"https:\/\/primiciasclorinda.com\/index.php?rest_route=\/wp\/v2\/users\/3"}],"replies":[{"embeddable":true,"href":"https:\/\/primiciasclorinda.com\/index.php?rest_route=%2Fwp%2Fv2%2Fcomments&post=23524"}],"version-history":[{"count":1,"href":"https:\/\/primiciasclorinda.com\/index.php?rest_route=\/wp\/v2\/posts\/23524\/revisions"}],"predecessor-version":[{"id":23526,"href":"https:\/\/primiciasclorinda.com\/index.php?rest_route=\/wp\/v2\/posts\/23524\/revisions\/23526"}],"wp:featuredmedia":[{"embeddable":true,"href":"https:\/\/primiciasclorinda.com\/index.php?rest_route=\/wp\/v2\/media\/23525"}],"wp:attachment":[{"href":"https:\/\/primiciasclorinda.com\/index.php?rest_route=%2Fwp%2Fv2%2Fmedia&parent=23524"}],"wp:term":[{"taxonomy":"category","embeddable":true,"href":"https:\/\/primiciasclorinda.com\/index.php?rest_route=%2Fwp%2Fv2%2Fcategories&post=23524"},{"taxonomy":"post_tag","embeddable":true,"href":"https:\/\/primiciasclorinda.com\/index.php?rest_route=%2Fwp%2Fv2%2Ftags&post=23524"}],"curies":[{"name":"wp","href":"https:\/\/api.w.org\/{rel}","templated":true}]}}