{"id":23518,"date":"2021-03-24T09:39:46","date_gmt":"2021-03-24T12:39:46","guid":{"rendered":"http:\/\/primiciasclorinda.com\/?p=23518"},"modified":"2021-03-24T09:46:01","modified_gmt":"2021-03-24T12:46:01","slug":"anoche-se-produjeron-incidientes-frente-al-domicilio-del-intendente-celauro","status":"publish","type":"post","link":"https:\/\/primiciasclorinda.com\/?p=23518","title":{"rendered":"Anoche se produjeron incidientes frente al domicilio del intendente Celauro"},"content":{"rendered":"<p style=\"text-align: justify;\">Anoche se realiz\u00f3 una manifestaci\u00f3n frente a la plaza de la Madre y del Ni\u00f1o por motivo de las restricciones promovidas por el Municipio en el d\u00eda de ayer, las cuales afectan principalmente a los gastron\u00f3micos. La misma se realiz\u00f3 con normalidad luego un grupo fue a manifestarse frente a la casa de Celauro, all\u00ed hubo incidentes entre un grupo que fue a defender al Intendente y los manifestantes.<\/p>\n<p style=\"text-align: justify;\">Los hechos terminaron con el accionar de la polic\u00eda que tuvo que hacer uso de las postas de gomas para disipar los enfrentamientos.<\/p>\n<p style=\"text-align: justify;\">Hoy el intendente dar\u00e1 una conferencia de prensa a las 10 am en el Municipio, se supone que explicar\u00e1 los hechos.<\/p>\n","protected":false},"excerpt":{"rendered":"<div class=\"mh-excerpt\"><p>Anoche se realiz\u00f3 una manifestaci\u00f3n frente a la plaza de la Madre y del Ni\u00f1o por motivo de las restricciones promovidas por el Municipio en <a class=\"mh-excerpt-more\" href=\"https:\/\/primiciasclorinda.com\/?p=23518\" title=\"Anoche se produjeron incidientes frente al domicilio del intendente Celauro\">[&#8230;]<\/a><\/p>\n<\/div>","protected":false},"author":3,"featured_media":23519,"comment_status":"open","ping_status":"open","sticky":false,"template":"","format":"standard","meta":{"footnotes":""},"categories":[4,3],"tags":[26,1422,24],"class_list":["post-23518","post","type-post","status-publish","format-standard","has-post-thumbnail","hentry","category-informacion-general","category-politica-economia","tag-clorinda","tag-incidentes","tag-manuel-celauro"],"_links":{"self":[{"href":"https:\/\/primiciasclorinda.com\/index.php?rest_route=\/wp\/v2\/posts\/23518","targetHints":{"allow":["GET"]}}],"collection":[{"href":"https:\/\/primiciasclorinda.com\/index.php?rest_route=\/wp\/v2\/posts"}],"about":[{"href":"https:\/\/primiciasclorinda.com\/index.php?rest_route=\/wp\/v2\/types\/post"}],"author":[{"embeddable":true,"href":"https:\/\/primiciasclorinda.com\/index.php?rest_route=\/wp\/v2\/users\/3"}],"replies":[{"embeddable":true,"href":"https:\/\/primiciasclorinda.com\/index.php?rest_route=%2Fwp%2Fv2%2Fcomments&post=23518"}],"version-history":[{"count":1,"href":"https:\/\/primiciasclorinda.com\/index.php?rest_route=\/wp\/v2\/posts\/23518\/revisions"}],"predecessor-version":[{"id":23520,"href":"https:\/\/primiciasclorinda.com\/index.php?rest_route=\/wp\/v2\/posts\/23518\/revisions\/23520"}],"wp:featuredmedia":[{"embeddable":true,"href":"https:\/\/primiciasclorinda.com\/index.php?rest_route=\/wp\/v2\/media\/23519"}],"wp:attachment":[{"href":"https:\/\/primiciasclorinda.com\/index.php?rest_route=%2Fwp%2Fv2%2Fmedia&parent=23518"}],"wp:term":[{"taxonomy":"category","embeddable":true,"href":"https:\/\/primiciasclorinda.com\/index.php?rest_route=%2Fwp%2Fv2%2Fcategories&post=23518"},{"taxonomy":"post_tag","embeddable":true,"href":"https:\/\/primiciasclorinda.com\/index.php?rest_route=%2Fwp%2Fv2%2Ftags&post=23518"}],"curies":[{"name":"wp","href":"https:\/\/api.w.org\/{rel}","templated":true}]}}