{"id":23378,"date":"2021-03-14T11:05:58","date_gmt":"2021-03-14T14:05:58","guid":{"rendered":"http:\/\/primiciasclorinda.com\/?p=23378"},"modified":"2021-03-14T11:10:24","modified_gmt":"2021-03-14T14:10:24","slug":"marcha-por-la-costanera-de-formosa-la-policia-se-aparto-y-dejo-a-la-gente-ingresar","status":"publish","type":"post","link":"https:\/\/primiciasclorinda.com\/?p=23378","title":{"rendered":"Marcha por la Costanera de Formosa: la polic\u00eda se apart\u00f3 y dej\u00f3 a la gente ingresar"},"content":{"rendered":"<p style=\"text-align: justify;\">Tal y como se anunci\u00f3 en estos d\u00edas, esta vez fue el turno de quienes sol\u00edan frecuentar el Paseo Costanero, los que se presentaron para reclamar por su espacio. Una multitud importante de gente con bicicletas, rollers, de a pie, se junt\u00f3 para pedir al Gobierno que los dejen volver a usar el espacio que est\u00e1 prohibido desde el regreso a la Fase 1. La Polic\u00eda que est\u00e1 ubicada en el lugar no pudo contener a la multitud y permiti\u00f3 el ingreso.<\/p>\n<p style=\"text-align: justify;\">Cerca de 500 personas marcharon este s\u00e1bado por la tarde-noche a lo largo y ancho de la Costanera. Vestidos con ropas deportivas, con bicicletas, en rollers; circularon con el pedido de que los dejen usar el espacio como ven\u00eda sucediendo antes que se decidiera volver a Fase 1 en la ciudad de Formosa. Lo hab\u00edan anunciado por las redes y concretaron su cometido.<\/p>\n<p style=\"text-align: justify;\">La polic\u00eda dispuesta en el lugar no pudo hacer nada ante la presencia de tanta gente y solo se limit\u00f3 a acompa\u00f1ar la caravana desde las veredas, controlando que no hubiera desmanes.<\/p>\n<p style=\"text-align: justify;\">Asimismo, en la Plaza San Mart\u00edn se desarroll\u00f3 otro evento, denominado Nambrena Rock, con intervenci\u00f3n cultural y la participaci\u00f3n de varias bandas de rock local. Adem\u00e1s hubo performances de baile y lectura de poes\u00eda.<\/p>\n<p style=\"text-align: justify;\">La gente se concentr\u00f3 desde temprano en la zona del teatrino de la Plaza San Mart\u00edn para as\u00ed llevar a cabo la protesta del sector cultural que desde el inicio de la pandemia viene pidi\u00e9ndole al Gobierno, a trav\u00e9s de cartas poder trabajar con protocolos.<\/p>\n<p style=\"text-align: justify;\">Fuente: El Comercial.<\/p>\n","protected":false},"excerpt":{"rendered":"<div class=\"mh-excerpt\"><p>Tal y como se anunci\u00f3 en estos d\u00edas, esta vez fue el turno de quienes sol\u00edan frecuentar el Paseo Costanero, los que se presentaron para <a class=\"mh-excerpt-more\" href=\"https:\/\/primiciasclorinda.com\/?p=23378\" title=\"Marcha por la Costanera de Formosa: la polic\u00eda se apart\u00f3 y dej\u00f3 a la gente ingresar\">[&#8230;]<\/a><\/p>\n<\/div>","protected":false},"author":3,"featured_media":23379,"comment_status":"open","ping_status":"open","sticky":false,"template":"","format":"standard","meta":{"footnotes":""},"categories":[4,3],"tags":[23,3519],"class_list":["post-23378","post","type-post","status-publish","format-standard","has-post-thumbnail","hentry","category-informacion-general","category-politica-economia","tag-formosa","tag-marchas-contra-la-fase-1"],"_links":{"self":[{"href":"https:\/\/primiciasclorinda.com\/index.php?rest_route=\/wp\/v2\/posts\/23378","targetHints":{"allow":["GET"]}}],"collection":[{"href":"https:\/\/primiciasclorinda.com\/index.php?rest_route=\/wp\/v2\/posts"}],"about":[{"href":"https:\/\/primiciasclorinda.com\/index.php?rest_route=\/wp\/v2\/types\/post"}],"author":[{"embeddable":true,"href":"https:\/\/primiciasclorinda.com\/index.php?rest_route=\/wp\/v2\/users\/3"}],"replies":[{"embeddable":true,"href":"https:\/\/primiciasclorinda.com\/index.php?rest_route=%2Fwp%2Fv2%2Fcomments&post=23378"}],"version-history":[{"count":2,"href":"https:\/\/primiciasclorinda.com\/index.php?rest_route=\/wp\/v2\/posts\/23378\/revisions"}],"predecessor-version":[{"id":23381,"href":"https:\/\/primiciasclorinda.com\/index.php?rest_route=\/wp\/v2\/posts\/23378\/revisions\/23381"}],"wp:featuredmedia":[{"embeddable":true,"href":"https:\/\/primiciasclorinda.com\/index.php?rest_route=\/wp\/v2\/media\/23379"}],"wp:attachment":[{"href":"https:\/\/primiciasclorinda.com\/index.php?rest_route=%2Fwp%2Fv2%2Fmedia&parent=23378"}],"wp:term":[{"taxonomy":"category","embeddable":true,"href":"https:\/\/primiciasclorinda.com\/index.php?rest_route=%2Fwp%2Fv2%2Fcategories&post=23378"},{"taxonomy":"post_tag","embeddable":true,"href":"https:\/\/primiciasclorinda.com\/index.php?rest_route=%2Fwp%2Fv2%2Ftags&post=23378"}],"curies":[{"name":"wp","href":"https:\/\/api.w.org\/{rel}","templated":true}]}}