{"id":23294,"date":"2021-03-08T07:59:27","date_gmt":"2021-03-08T10:59:27","guid":{"rendered":"http:\/\/primiciasclorinda.com\/?p=23294"},"modified":"2021-03-08T07:59:27","modified_gmt":"2021-03-08T10:59:27","slug":"nueva-marcha-contra-la-fase-1-en-adyacencias-de-la-casa-de-gobierno","status":"publish","type":"post","link":"https:\/\/primiciasclorinda.com\/?p=23294","title":{"rendered":"Nueva marcha contra la Fase 1 en adyacencias de la Casa de Gobierno"},"content":{"rendered":"<p style=\"text-align: justify;\">De nuevo la gente se convoc\u00f3 en la intersecci\u00f3n de Avenida 25 de Mayo y Belgrano donde la Polic\u00eda coloc\u00f3 vallas para evitar que lleguen hasta el frente de la Casa de Gobierno. La gente pide regresar a la normalidad que se viv\u00eda previo a la Fase 1 en la ciudad de Formosa, adem\u00e1s hay reclamos por Clorinda; las academias de baile piden volver a trabajar y en menor medida, pedidos para que dimita el ministro Gonz\u00e1lez y otros vinculados a la situaci\u00f3n del pa\u00eds en cuanto a niveles de corrupci\u00f3n.<\/p>\n<p style=\"text-align: justify;\">Importante concentraci\u00f3n nuevamente en cercan\u00edas a la Casa de Gobierno.Cr\u00e9dito: Radio Uno Formosa<br \/>\nCuarto d\u00eda consecutivo en que la gente se convoca para pedirle al Gobierno de Insfr\u00e1n que revea la medida que puso nuevamente a la ciudad de Formosa en la Fase 1 del Aislamiento Social Preventivo y Obligatorio (ASPO); desde bien temprano se fueron acercando familias enteras, gente vinculada al mundo del arte, algunos que representan el pedido de la ciudad de Clorinda para que levanten el bloqueo de casi 200 d\u00edas; el reclamo es tambi\u00e9n para que los pol\u00edtico corruptos paguen con prisi\u00f3n. Hay un clima de paz en medio del bullicio de los c\u00e1nticos.<\/p>\n<p style=\"text-align: justify;\">La polic\u00eda aguarda detr\u00e1s del vallado que se coloc\u00f3 en horas tempranas para evitar que la masa se acerque al frente de la Casa de Gobierno.<\/p>\n<p style=\"text-align: justify;\">Recordemos que los reclamos empezaron el jueves pasado cuando al mediod\u00eda el Consejo de Atenci\u00f3n Integral anunci\u00f3 el regreso al ASPO de la ciudad de Formosa por la cantidad de casos detectados en los \u00faltimos 3 d\u00edas, de los cuales un porcentaje muy alto, no ten\u00eda nexo epidemiol\u00f3gico. La gente se convoc\u00f3 por redes sociales y esa misma tarde se junt\u00f3 en la plaza San Mart\u00edn para marchar hasta la Casa de Gobierno donde hubo pintadas y hasta huevazos contra el edificio.<\/p>\n<p style=\"text-align: justify;\">El viernes fue el epicentro del caos. La polic\u00eda reprimi\u00f3 con gases lacrim\u00f3genos y balas de goma, hubo detenciones de manera ilegal y el Gobierno no sali\u00f3 a decir nada m\u00e1s que culpar a la propia gente, que estaba motivada, seg\u00fan ellos, por agentes de la oposici\u00f3n.<\/p>\n<p style=\"text-align: justify;\">El s\u00e1bado ya el clima fue diferente y si bien hubo alg\u00fan que otro momento de tensi\u00f3n, lo cierto es que la jornada se dio en paz. La gente protest\u00f3 hasta bien entrado el mediod\u00eda frente a las vallas de las calles 25 de Mayo y Belgrano; y luego se trasladaron unos metros m\u00e1s atr\u00e1s, sobre 25 de Mayo y Rivadavia para hacer una \u201csentada\u201d pac\u00edfica, y as\u00ed diagramar los pasos a seguir en la protesta.<\/p>\n<p style=\"text-align: justify;\">Lo de este domingo y con el anuncio de la llegada del diputado Waldo Wolff acompa\u00f1ando a la presidente del PRO a nivel nacional, la ex ministra de Seguridad de la Naci\u00f3n durante el gobierno del presidente Mauricio Macri, Patricia Bullrich, tambi\u00e9n tiene un tinte de tranquilidad; la gente grita, canta, muestras sus carteles pero no se percibe el ambiente de virulencia que se suscit\u00f3 lamentablemente el viernes \u00faltimo.<\/p>\n","protected":false},"excerpt":{"rendered":"<div class=\"mh-excerpt\"><p>De nuevo la gente se convoc\u00f3 en la intersecci\u00f3n de Avenida 25 de Mayo y Belgrano donde la Polic\u00eda coloc\u00f3 vallas para evitar que lleguen <a class=\"mh-excerpt-more\" href=\"https:\/\/primiciasclorinda.com\/?p=23294\" title=\"Nueva marcha contra la Fase 1 en adyacencias de la Casa de Gobierno\">[&#8230;]<\/a><\/p>\n<\/div>","protected":false},"author":3,"featured_media":23295,"comment_status":"open","ping_status":"open","sticky":false,"template":"","format":"standard","meta":{"footnotes":""},"categories":[4,3],"tags":[3233,23,3515],"class_list":["post-23294","post","type-post","status-publish","format-standard","has-post-thumbnail","hentry","category-informacion-general","category-politica-economia","tag-fase-1","tag-formosa","tag-marchas"],"_links":{"self":[{"href":"https:\/\/primiciasclorinda.com\/index.php?rest_route=\/wp\/v2\/posts\/23294","targetHints":{"allow":["GET"]}}],"collection":[{"href":"https:\/\/primiciasclorinda.com\/index.php?rest_route=\/wp\/v2\/posts"}],"about":[{"href":"https:\/\/primiciasclorinda.com\/index.php?rest_route=\/wp\/v2\/types\/post"}],"author":[{"embeddable":true,"href":"https:\/\/primiciasclorinda.com\/index.php?rest_route=\/wp\/v2\/users\/3"}],"replies":[{"embeddable":true,"href":"https:\/\/primiciasclorinda.com\/index.php?rest_route=%2Fwp%2Fv2%2Fcomments&post=23294"}],"version-history":[{"count":1,"href":"https:\/\/primiciasclorinda.com\/index.php?rest_route=\/wp\/v2\/posts\/23294\/revisions"}],"predecessor-version":[{"id":23296,"href":"https:\/\/primiciasclorinda.com\/index.php?rest_route=\/wp\/v2\/posts\/23294\/revisions\/23296"}],"wp:featuredmedia":[{"embeddable":true,"href":"https:\/\/primiciasclorinda.com\/index.php?rest_route=\/wp\/v2\/media\/23295"}],"wp:attachment":[{"href":"https:\/\/primiciasclorinda.com\/index.php?rest_route=%2Fwp%2Fv2%2Fmedia&parent=23294"}],"wp:term":[{"taxonomy":"category","embeddable":true,"href":"https:\/\/primiciasclorinda.com\/index.php?rest_route=%2Fwp%2Fv2%2Fcategories&post=23294"},{"taxonomy":"post_tag","embeddable":true,"href":"https:\/\/primiciasclorinda.com\/index.php?rest_route=%2Fwp%2Fv2%2Ftags&post=23294"}],"curies":[{"name":"wp","href":"https:\/\/api.w.org\/{rel}","templated":true}]}}