{"id":23181,"date":"2021-02-26T11:57:59","date_gmt":"2021-02-26T14:57:59","guid":{"rendered":"http:\/\/primiciasclorinda.com\/?p=23181"},"modified":"2021-02-26T11:57:59","modified_gmt":"2021-02-26T14:57:59","slug":"naidenoff-la-corte-le-dijo-a-formosa-terminen-con-los-centros-de-aislamiento","status":"publish","type":"post","link":"https:\/\/primiciasclorinda.com\/?p=23181","title":{"rendered":"Naidenoff: \u201cLa Corte le dijo a Formosa, terminen con los centros de aislamiento\u201d"},"content":{"rendered":"<p style=\"text-align: justify;\">Luis Naidenoff, senador nacional por Formosa de Juntos por el Cambio, habl\u00f3 tras conocerse este jueves el fallo de la Corte Suprema de Justicia de la Naci\u00f3n en que se intim\u00f3 al gobierno de Gildo Insfr\u00e1n a que en un plazo no mayor a tres d\u00edas informe sobre la situaci\u00f3n de los centros de aislamiento, y exhort\u00f3 a que se respeten los derechos humanos. \u201cLa Corte le dijo a Formosa, terminen con los centros de aislamiento\u201d, se\u00f1al\u00f3 el legislador nacional.<\/p>\n<p style=\"text-align: justify;\">Este jueves por la tarde se conoci\u00f3 el fallo de la Corte Suprema de Justicia de la Naci\u00f3n respondiendo a las denuncias que hab\u00edan realizado legisladores nacionales, entre ellos, el senador Luis Naidenoff (JxC) donde se intim\u00f3 al gobierno de Gildo Insfr\u00e1n a que informe si siguen habiendo centros de aislamiento, si el Estadio Cincuentenario se cerr\u00f3 de manera definitiva como tal o es una medida transitoria, y fundamentalmente, donde exhortaron a la Provincia, al gobierno provincial, a que se respeten los derechos humanos en el marco de la pandemia.<\/p>\n<p style=\"text-align: justify;\">\u201cEsto que est\u00e1 pasando en Formosa es grave, estamos como por fuera la Rep\u00fablica. Nosotros denunciamos y a la Corte llegaron, las denuncias sobre las personas que fueron llevadas de sus casas a las 3 de la ma\u00f1ana, acompa\u00f1ados por la polic\u00eda; a menores a los que se los recluy\u00f3 en centros donde ni siquiera ten\u00edan acceso a la luz solar. Todo eso sabe la Corte y ahora, tambi\u00e9n ampli\u00e9 la presentaci\u00f3n sobre lo que est\u00e1 sucediendo en Clorinda, donde no solo se vulnera el derecho a la libre circulaci\u00f3n de las personas sino que se est\u00e1 entrando en un conflicto con un pa\u00eds lim\u00edtrofe; esto ya excede a la provincia e involucra a la Naci\u00f3n\u201d, sentenci\u00f3.<\/p>\n<p style=\"text-align: justify;\">Naidenoff dijo que se ha comunicado con personas del Alto Comisionado de las Naciones Unidas por los Derechos Humanos, y que son varias las organizaciones como Amnist\u00eda Internacional los que est\u00e1n diciendo que en Formosa se vulneran los derechos humanos. \u201cEl gobierno siempre cae en el exceso por las medidas en pandemia y lo que ha dicho Michel Bachelet (ex presidente de Chile y actual Alta Comisionada de la Organizaci\u00f3n de las Naciones Unidas por los Derechos Humanos) es que ning\u00fan Estado puede vulnerar los derechos humanos con la justificaci\u00f3n del contexto de una pandemia\u201d.<\/p>\n<p style=\"text-align: justify;\">Para cerrar, Naidenoff hizo una breve interpretaci\u00f3n de lo que cree suceder\u00e1 luego de los tres d\u00edas y con el informe que la provincia le env\u00ede a la Justicia. \u201cCreo que lo que se viene es la resoluci\u00f3n fuerte, lo que les dir\u00e1n va a ser lo que corresponde, el sentido com\u00fan aplicado: term\u00ednenla con los centros de aislamiento\u201d.<\/p>\n<p style=\"text-align: justify;\">Fuente: Radio UNO<\/p>\n","protected":false},"excerpt":{"rendered":"<div class=\"mh-excerpt\"><p>Luis Naidenoff, senador nacional por Formosa de Juntos por el Cambio, habl\u00f3 tras conocerse este jueves el fallo de la Corte Suprema de Justicia de <a class=\"mh-excerpt-more\" href=\"https:\/\/primiciasclorinda.com\/?p=23181\" title=\"Naidenoff: \u201cLa Corte le dijo a Formosa, terminen con los centros de aislamiento\u201d\">[&#8230;]<\/a><\/p>\n<\/div>","protected":false},"author":3,"featured_media":23182,"comment_status":"open","ping_status":"open","sticky":false,"template":"","format":"standard","meta":{"footnotes":""},"categories":[3],"tags":[3405,2199,23],"class_list":["post-23181","post","type-post","status-publish","format-standard","has-post-thumbnail","hentry","category-politica-economia","tag-centros-de-aislamientos","tag-csj","tag-formosa"],"_links":{"self":[{"href":"https:\/\/primiciasclorinda.com\/index.php?rest_route=\/wp\/v2\/posts\/23181","targetHints":{"allow":["GET"]}}],"collection":[{"href":"https:\/\/primiciasclorinda.com\/index.php?rest_route=\/wp\/v2\/posts"}],"about":[{"href":"https:\/\/primiciasclorinda.com\/index.php?rest_route=\/wp\/v2\/types\/post"}],"author":[{"embeddable":true,"href":"https:\/\/primiciasclorinda.com\/index.php?rest_route=\/wp\/v2\/users\/3"}],"replies":[{"embeddable":true,"href":"https:\/\/primiciasclorinda.com\/index.php?rest_route=%2Fwp%2Fv2%2Fcomments&post=23181"}],"version-history":[{"count":1,"href":"https:\/\/primiciasclorinda.com\/index.php?rest_route=\/wp\/v2\/posts\/23181\/revisions"}],"predecessor-version":[{"id":23183,"href":"https:\/\/primiciasclorinda.com\/index.php?rest_route=\/wp\/v2\/posts\/23181\/revisions\/23183"}],"wp:featuredmedia":[{"embeddable":true,"href":"https:\/\/primiciasclorinda.com\/index.php?rest_route=\/wp\/v2\/media\/23182"}],"wp:attachment":[{"href":"https:\/\/primiciasclorinda.com\/index.php?rest_route=%2Fwp%2Fv2%2Fmedia&parent=23181"}],"wp:term":[{"taxonomy":"category","embeddable":true,"href":"https:\/\/primiciasclorinda.com\/index.php?rest_route=%2Fwp%2Fv2%2Fcategories&post=23181"},{"taxonomy":"post_tag","embeddable":true,"href":"https:\/\/primiciasclorinda.com\/index.php?rest_route=%2Fwp%2Fv2%2Ftags&post=23181"}],"curies":[{"name":"wp","href":"https:\/\/api.w.org\/{rel}","templated":true}]}}