{"id":23088,"date":"2021-02-18T08:00:54","date_gmt":"2021-02-18T11:00:54","guid":{"rendered":"http:\/\/primiciasclorinda.com\/?p=23088"},"modified":"2021-02-18T08:00:54","modified_gmt":"2021-02-18T11:00:54","slug":"el-radicalismo-clorindense-acude-a-la-justicia-para-levantar-el-bloqueo-a-la-ciudad","status":"publish","type":"post","link":"https:\/\/primiciasclorinda.com\/?p=23088","title":{"rendered":"El radicalismo clorindense acude a la Justicia para levantar el bloqueo a la ciudad"},"content":{"rendered":"<p style=\"text-align: justify;\">El Concejal Rub\u00e9n Omar Acosta inform\u00f3 que, junto a otros dirigentes del radicalismo clorindense, present\u00f3 un \u00abAmparo colectivo\u00bb para levantar el bloqueo a la ciudad de Clorinda.<\/p>\n<p style=\"text-align: justify;\">\u00abAcudimos a la Justicia Federal para que se nos devuelvan los derechos y libertades del cual fuimos cercenados hace m\u00e1s de 180 d\u00edas. Con el patrocinio del equipo jur\u00eddico del radicalismo provincial junto a la Diputada Andrea Tassel y el Presidente de la Juventud Radical Agust\u00edn Cantero y otros dirigentes presentamos un Amparo colectivo para la ciudad y de esta forma tratar de hacer cesar este estado de restricci\u00f3n que es sumamente arbitrario para nosotros y que podamos tener el derecho de circular por todo el pa\u00eds con controles razonables y proporcionadas a nuestra realidad sanitaria\u201d, explic\u00f3 el Concejal radical.<\/p>\n<p style=\"text-align: justify;\">\n\u00abLos abogados Agostina Villaggi, Emilia Maciel, Juan Montoya y el Presidente de la UCR provincial Mart\u00edn Hern\u00e1ndez nos est\u00e1n ayudando para lograr que Clorinda sea tratada como las dem\u00e1s ciudades. Para nuestros letrados el 15 de septiembre dej\u00f3 de tener sustento legal y sanitario el bloqueo de la ciudad de Clorinda. Que el vallado es ilegal, el bloqueo ilegal y lo que sucede es absolutamente arbitrario, nos manifestaron, como tambi\u00e9n inconstitucional y sobrepasando todos los tratados internacionales\u00bb, sigui\u00f3 Acosta.<\/p>\n<p style=\"text-align: justify;\">\n\u201cComo bien nos explicaba el Dr. Hern\u00e1ndez lo de Clorinda no tiene parang\u00f3n en el mundo, m\u00e1s de 180 d\u00edas encerrados, bloqueados y aqu\u00ed el estado nacional tiene responsabilidad porque ha desertado de su control de fronteras, es como decir que desde el corte de la ruta 11 y 86 reci\u00e9n comienza el pa\u00eds, coloc\u00e1ndola como una zona de sacrificio. En este sentido, nos alert\u00f3 que el 31 de agosto del 2020 por la situaci\u00f3n epidemiol\u00f3gica se dispuso el bloqueo por 14 d\u00edas en Clorinda, luego de esto no existe ninguna otra resoluci\u00f3n, solamente hubo partes informativos, que dec\u00edan que el bloqueo continuaba. Que en un estado de derecho un parte informativo no tiene jerarqu\u00eda de ley y lo grave es cuando el gobierno o el Consejo del COVID quiso establecer un bloqueo lo hizo con un acto jur\u00eddico, pero esto no sucedi\u00f3 en Clorinda\u201d, continu\u00f3.<\/p>\n<p style=\"text-align: justify;\">\n\u201cEl clorindense est\u00e1 sufriendo mucho el bloqueo, cada vez pasan m\u00e1s y m\u00e1s d\u00edas sin que se dignen en levantar esta medida; por eso decidimos acudir a la Justicia. Iremos informando a la ciudadan\u00eda sobre la marcha de esta denuncia, lo \u00fanico que queremos es que los clorindenses dejemos de ser iscriminados, no nos merecemos este destrato\u201d, cerr\u00f3 Rub\u00e9n Acosta.<\/p>\n","protected":false},"excerpt":{"rendered":"<div class=\"mh-excerpt\"><p>El Concejal Rub\u00e9n Omar Acosta inform\u00f3 que, junto a otros dirigentes del radicalismo clorindense, present\u00f3 un \u00abAmparo colectivo\u00bb para levantar el bloqueo a la ciudad <a class=\"mh-excerpt-more\" href=\"https:\/\/primiciasclorinda.com\/?p=23088\" title=\"El radicalismo clorindense acude a la Justicia para levantar el bloqueo a la ciudad\">[&#8230;]<\/a><\/p>\n<\/div>","protected":false},"author":3,"featured_media":23089,"comment_status":"open","ping_status":"open","sticky":false,"template":"","format":"standard","meta":{"footnotes":""},"categories":[4],"tags":[3289,2870,3023,57],"class_list":["post-23088","post","type-post","status-publish","format-standard","has-post-thumbnail","hentry","category-informacion-general","tag-ciudad-bloqueada","tag-coronavirus","tag-covid19","tag-ucr"],"_links":{"self":[{"href":"https:\/\/primiciasclorinda.com\/index.php?rest_route=\/wp\/v2\/posts\/23088","targetHints":{"allow":["GET"]}}],"collection":[{"href":"https:\/\/primiciasclorinda.com\/index.php?rest_route=\/wp\/v2\/posts"}],"about":[{"href":"https:\/\/primiciasclorinda.com\/index.php?rest_route=\/wp\/v2\/types\/post"}],"author":[{"embeddable":true,"href":"https:\/\/primiciasclorinda.com\/index.php?rest_route=\/wp\/v2\/users\/3"}],"replies":[{"embeddable":true,"href":"https:\/\/primiciasclorinda.com\/index.php?rest_route=%2Fwp%2Fv2%2Fcomments&post=23088"}],"version-history":[{"count":1,"href":"https:\/\/primiciasclorinda.com\/index.php?rest_route=\/wp\/v2\/posts\/23088\/revisions"}],"predecessor-version":[{"id":23090,"href":"https:\/\/primiciasclorinda.com\/index.php?rest_route=\/wp\/v2\/posts\/23088\/revisions\/23090"}],"wp:featuredmedia":[{"embeddable":true,"href":"https:\/\/primiciasclorinda.com\/index.php?rest_route=\/wp\/v2\/media\/23089"}],"wp:attachment":[{"href":"https:\/\/primiciasclorinda.com\/index.php?rest_route=%2Fwp%2Fv2%2Fmedia&parent=23088"}],"wp:term":[{"taxonomy":"category","embeddable":true,"href":"https:\/\/primiciasclorinda.com\/index.php?rest_route=%2Fwp%2Fv2%2Fcategories&post=23088"},{"taxonomy":"post_tag","embeddable":true,"href":"https:\/\/primiciasclorinda.com\/index.php?rest_route=%2Fwp%2Fv2%2Ftags&post=23088"}],"curies":[{"name":"wp","href":"https:\/\/api.w.org\/{rel}","templated":true}]}}