{"id":23073,"date":"2021-02-16T09:20:51","date_gmt":"2021-02-16T12:20:51","guid":{"rendered":"http:\/\/primiciasclorinda.com\/?p=23073"},"modified":"2021-02-16T09:20:51","modified_gmt":"2021-02-16T12:20:51","slug":"el-barcelona-de-lionel-messi-se-enfrentara-al-psg-de-kylian-mbappe-por-los-octavos-de-final-de-la-champions","status":"publish","type":"post","link":"https:\/\/primiciasclorinda.com\/?p=23073","title":{"rendered":"El Barcelona de Lionel Messi se enfrentar\u00e1 al PSG de Kylian Mbapp\u00e9 por los octavos de final de la Champions"},"content":{"rendered":"<p style=\"text-align: justify;\">\u00a0League: hora, TV y formacionesEl conjunto catal\u00e1n buscar\u00e1 dar el golpe en el juego de ida. En el equipo franc\u00e9s no estar\u00e1n Neymar Jr y \u00c1ngel Di Mar\u00eda, ambos lesionados. Transmite ESPN.<\/p>\n<p>Desde las 17 (hora argentina), Barcelona recibir\u00e1 al Par\u00eds Saint Germain por el partido de ida de los octavos de final de la Champions League. El partido, que tendr\u00e1 el arbitraje del neerland\u00e9s Bj\u00f6rn Kuipers, se podr\u00e1 seguir por ESPN.<\/p>\n<p style=\"text-align: justify;\">Ser\u00e1 una serie especial la que enfrentar\u00e1 a ambos equipos. En escena principal est\u00e1 la situaci\u00f3n que comenz\u00f3 a circular hace algunas semanas y que alimentaron los propios protagonistas con el deseo p\u00fablico del conjunto parisino de hacerse con los servicios de Lionel Messi a partir de junio, fecha en que finaliza el contrato que la Pulga tiene con el club catal\u00e1n.<\/p>\n<p style=\"text-align: justify;\">Ya lo dijo el entrenador Ronald Koeman en la conferencia de prensa previa al duelo que se jugar\u00e1 en el Camp Nou: \u201cMessi es jugador del Bar\u00e7a y tengo much\u00edsimas esperanzas de que as\u00ed siga\u201d, confes\u00f3 el oriundo de los Pa\u00edses Bajos.<\/p>\n<p style=\"text-align: justify;\">M\u00e1s all\u00e1 de lo que suceder\u00e1 con el futuro del astro rosarino, el equipo blaugrana buscar\u00e1 avanzar ante un rival poderoso, pero que no tendr\u00e1 a dos piezas importantes en el primer enfrentamiento entre ambos. El PSG no podr\u00e1 contar con el brasile\u00f1o Neymar y tampoco lo har\u00e1 con el argentino \u00c1ngel Di Mar\u00eda: ambos son baja por lesi\u00f3n y Mauricio Pochettino aguardar\u00e1 por su recuperaci\u00f3n para la revancha en Francia.<\/p>\n<p style=\"text-align: justify;\">Para el partido de esta noche en Espa\u00f1a, una de las grandes dudas est\u00e1 en conocer si Gerard Piqu\u00e9 volver\u00e1 al equipo catal\u00e1n. Recordemos que el marcador central sufri\u00f3 a finales del a\u00f1o pasado un esguince de grado 3 en el ligamento lateral interno y lesi\u00f3n parcial del ligamento cruzado anterior de la rodilla derecha. Dicha lesi\u00f3n lo mantuvo alejado de las canchas desde entonces, y su regreso es muy esperado por Koeman para mejorar la defensa del equipo.<\/p>\n<p style=\"text-align: justify;\">En el caso que Piqu\u00e9 no sea parte de la alineaci\u00f3n titular, Oscar Mingueza jugar\u00e1 con el franc\u00e9s Lenglet en la zaga, mientras que Sergi\u00f1o Dest y Jordi Alba ser\u00e1n los laterales. En el mediocampo, el DT de los catalanes apostar\u00e1 por Busquets, De Jong y Pedri, y luego el tridente ofensivo estar\u00eda compuesto por Demb\u00e9l\u00e9, Griezmann y el propio Messi.<\/p>\n<p style=\"text-align: justify;\">Frente al Barcelona estar\u00e1 el nuevo Par\u00eds Saint Germain conducido por Pochettino, un viejo conocido y rival del conjunto cul\u00e9 por su pasado en su \u00e9poca de futbolista cuando visti\u00f3 la camiseta del Espanyol de la ciudad. El poderoso equipo parisino tiene como gran objetivo volver a ser finalista de la Champions League, pero para eso deber\u00e1 dejar a Messi en el camino.<\/p>\n<p style=\"text-align: justify;\">De cara al duelo de hoy, el DT argentino ya avis\u00f3 que su equipo buscar\u00e1 ganar en el Camp Nou. A pesar de no contar con Neymar y Di Mar\u00eda, sus esperanzas est\u00e1n puestas en Kylian Mbapp\u00e9, el veloz atacante que estar\u00e1 acompa\u00f1ado en la ofensiva por Mauro Icardi y Moise Kean, el italiano que reemplazar\u00e1 a la estrella brasile\u00f1a. En el mediocampo tambi\u00e9n estar\u00e1 Leandro Paredes.<\/p>\n<p style=\"text-align: justify;\">El partido de vuelta de la serie por los octavos de final de la Copa de Europa se disputar\u00e1 el pr\u00f3ximo 10 de marzo en el Parque de los Pr\u00edncipes, de Par\u00eds.<\/p>\n<p style=\"text-align: justify;\">Posibles formaciones<\/p>\n<p style=\"text-align: justify;\">Barcelona: Ter Stegen; Dest, Mingueza, Lenglet, Jordi Alba; Busquets, De Jong, Pedri; Demb\u00e9l\u00e9, Griezmann y Lionel Messi. DT: Ronald Koeman.<\/p>\n<p style=\"text-align: justify;\">Par\u00eds Saint Germain: Keylor Navas, Kurzawa, Kimpembe, Marquinhos, Kehrer, Gueye, Leandro Paredes, Draxler, Mbapp\u00e9, Kean y Mauro Icardi. DT: Mauricio Pochettino.<\/p>\n<p style=\"text-align: justify;\">Matchday Live<br \/>\nInformaci\u00f3n no encontrada<\/p>\n<p style=\"text-align: justify;\">\u00c1rbitro: Bj\u00f6rn Kuipers (Holanda)<\/p>\n<p style=\"text-align: justify;\">Estadio: Camp Nou, Barcelona<\/p>\n<p style=\"text-align: justify;\">Hora: 17<\/p>\n<p style=\"text-align: justify;\">TV: ESPN<\/p>\n","protected":false},"excerpt":{"rendered":"<div class=\"mh-excerpt\"><p>\u00a0League: hora, TV y formacionesEl conjunto catal\u00e1n buscar\u00e1 dar el golpe en el juego de ida. En el equipo franc\u00e9s no estar\u00e1n Neymar Jr y <a class=\"mh-excerpt-more\" href=\"https:\/\/primiciasclorinda.com\/?p=23073\" title=\"El Barcelona de Lionel Messi se enfrentar\u00e1 al PSG de Kylian Mbapp\u00e9 por los octavos de final de la Champions\">[&#8230;]<\/a><\/p>\n<\/div>","protected":false},"author":3,"featured_media":23074,"comment_status":"open","ping_status":"open","sticky":false,"template":"","format":"standard","meta":{"footnotes":""},"categories":[5],"tags":[30,3501,29],"class_list":["post-23073","post","type-post","status-publish","format-standard","has-post-thumbnail","hentry","category-deportes","tag-barcelona","tag-champions-league","tag-messi"],"_links":{"self":[{"href":"https:\/\/primiciasclorinda.com\/index.php?rest_route=\/wp\/v2\/posts\/23073","targetHints":{"allow":["GET"]}}],"collection":[{"href":"https:\/\/primiciasclorinda.com\/index.php?rest_route=\/wp\/v2\/posts"}],"about":[{"href":"https:\/\/primiciasclorinda.com\/index.php?rest_route=\/wp\/v2\/types\/post"}],"author":[{"embeddable":true,"href":"https:\/\/primiciasclorinda.com\/index.php?rest_route=\/wp\/v2\/users\/3"}],"replies":[{"embeddable":true,"href":"https:\/\/primiciasclorinda.com\/index.php?rest_route=%2Fwp%2Fv2%2Fcomments&post=23073"}],"version-history":[{"count":1,"href":"https:\/\/primiciasclorinda.com\/index.php?rest_route=\/wp\/v2\/posts\/23073\/revisions"}],"predecessor-version":[{"id":23075,"href":"https:\/\/primiciasclorinda.com\/index.php?rest_route=\/wp\/v2\/posts\/23073\/revisions\/23075"}],"wp:featuredmedia":[{"embeddable":true,"href":"https:\/\/primiciasclorinda.com\/index.php?rest_route=\/wp\/v2\/media\/23074"}],"wp:attachment":[{"href":"https:\/\/primiciasclorinda.com\/index.php?rest_route=%2Fwp%2Fv2%2Fmedia&parent=23073"}],"wp:term":[{"taxonomy":"category","embeddable":true,"href":"https:\/\/primiciasclorinda.com\/index.php?rest_route=%2Fwp%2Fv2%2Fcategories&post=23073"},{"taxonomy":"post_tag","embeddable":true,"href":"https:\/\/primiciasclorinda.com\/index.php?rest_route=%2Fwp%2Fv2%2Ftags&post=23073"}],"curies":[{"name":"wp","href":"https:\/\/api.w.org\/{rel}","templated":true}]}}