{"id":22985,"date":"2021-02-07T18:58:37","date_gmt":"2021-02-07T21:58:37","guid":{"rendered":"http:\/\/primiciasclorinda.com\/?p=22985"},"modified":"2021-02-07T18:58:37","modified_gmt":"2021-02-07T21:58:37","slug":"alberto-fernandez-si-el-campo-no-entiende-voy-a-subir-las-retenciones-y-establecer-cupos-a-la-exportacion","status":"publish","type":"post","link":"https:\/\/primiciasclorinda.com\/?p=22985","title":{"rendered":"Alberto Fern\u00e1ndez: \u201cSi el campo no entiende, voy a subir las retenciones y establecer cupos a la exportaci\u00f3n\u201d"},"content":{"rendered":"<p style=\"text-align: justify;\">El Presidente asegur\u00f3 que estas son las dos opciones que tiene el Estado para combatir la suba del precio de los alimentos: \u201cA m\u00ed me votaron para ejercer el poder cuando tengo que ejercerlo. No se puede especular en este contexto\u201d, sentenci\u00f3.<\/p>\n<p>Alberto Fern\u00e1ndez ratific\u00f3 que el Gobierno ya analiza imponer un l\u00edmite a las exportaciones o establecer una suba de retenciones para controlar la inflaci\u00f3n en el precio de los alimentos e indic\u00f3 que se trata de una advertencia p\u00fablica a los productores: \u201cA m\u00ed me votaron para ejercer el poder cuando tengo que ejercerlo. No se puede especular en este contexto, no tienen derecho a lastimar la tranquilidad de la gente\u201d.<\/p>\n<p style=\"text-align: justify;\">El primer mandatario se refiri\u00f3 en las \u00faltimas horas a la suba de precios y asegur\u00f3 que se trata de una maniobra de los productores de alimentos, que cobran a precios internacionales, y puso como ejemplo las exportaciones de carne argentina a China.<\/p>\n<p style=\"text-align: justify;\">\u201cPara que la gente me entienda, China era un pa\u00eds que solo importaba carne envasada y hab\u00eda un n\u00famero limitado de frigor\u00edficos que ten\u00edan capacidad de exportar. Ahora, decidi\u00f3 importar carne con hueso, medias reses y el productor de carne tiene la posibilidad de vend\u00e9rsela al carnicero o vend\u00e9rsela a China a un precio enorme\u201d, explic\u00f3 en una entrevista publicada en el diario P\u00e1gina 12. \u201cYo necesito que ellos exporten porque necesito d\u00f3lares que entren. Pero lo que no pueden es trasladar a los argentinos los precios internacionales porque no producen en precios internacionales\u201d.<\/p>\n<p style=\"text-align: justify;\">\u201cCuando estoy hablando de estas cosas no estoy contra el campo, estoy a favor de la mesa de los argentinos\u201d, remarc\u00f3. \u201cTienen que entender que son parte de la Argentina. Yo le he dicho al ministro de Agricultura que todo tiene un punto l\u00edmite. Les estoy diciendo p\u00fablicamente que no puedo dejar que esto siga pasando, porque el riesgo es que con la pandemia todos estos productos van a seguir creciendo en su precio y no estamos dispuestos a tolerarlo. Los aceiteros lo entendieron y organizaron un fideicomiso, resolvieron un mecanismo de compensaci\u00f3n entre ellos. Si no lo entienden, me obligan a resolver el problema y no pueden hacerse los desentendidos\u201d.<\/p>\n<p style=\"text-align: justify;\">El Presidente asegur\u00f3 que consult\u00f3 con el Ministro de Econom\u00eda, Mart\u00edn Guzm\u00e1n, si las devaluaciones mensuales que atraviesa el peso se vinculan con la suba de precios, quien le indic\u00f3 que no guardan relaci\u00f3n y que se trata de \u201cuna forma de mantener el tipo de cambio equilibrado que ha funcionado bien\u201d.<\/p>\n<p style=\"text-align: justify;\">Consultado entonces sobre si cree que la inflaci\u00f3n es responsabilidad de la especulaci\u00f3n, Alberto Fern\u00e1ndez respondi\u00f3: \u201cS\u00ed. Y ya lo saben. Estoy feliz de que podamos exportar, pero no puedo entender c\u00f3mo puede ser que los argentinos convirtamos una oportunidad en un problema\u201d.<\/p>\n<p>Fuente: Infobae.com<\/p>\n","protected":false},"excerpt":{"rendered":"<div class=\"mh-excerpt\"><p>El Presidente asegur\u00f3 que estas son las dos opciones que tiene el Estado para combatir la suba del precio de los alimentos: \u201cA m\u00ed me <a class=\"mh-excerpt-more\" href=\"https:\/\/primiciasclorinda.com\/?p=22985\" title=\"Alberto Fern\u00e1ndez: \u201cSi el campo no entiende, voy a subir las retenciones y establecer cupos a la exportaci\u00f3n\u201d\">[&#8230;]<\/a><\/p>\n<\/div>","protected":false},"author":3,"featured_media":22806,"comment_status":"open","ping_status":"open","sticky":false,"template":"","format":"standard","meta":{"footnotes":""},"categories":[3],"tags":[2467,575,718],"class_list":["post-22985","post","type-post","status-publish","format-standard","has-post-thumbnail","hentry","category-politica-economia","tag-alberto-fernandez","tag-campo","tag-retenciones"],"_links":{"self":[{"href":"https:\/\/primiciasclorinda.com\/index.php?rest_route=\/wp\/v2\/posts\/22985","targetHints":{"allow":["GET"]}}],"collection":[{"href":"https:\/\/primiciasclorinda.com\/index.php?rest_route=\/wp\/v2\/posts"}],"about":[{"href":"https:\/\/primiciasclorinda.com\/index.php?rest_route=\/wp\/v2\/types\/post"}],"author":[{"embeddable":true,"href":"https:\/\/primiciasclorinda.com\/index.php?rest_route=\/wp\/v2\/users\/3"}],"replies":[{"embeddable":true,"href":"https:\/\/primiciasclorinda.com\/index.php?rest_route=%2Fwp%2Fv2%2Fcomments&post=22985"}],"version-history":[{"count":1,"href":"https:\/\/primiciasclorinda.com\/index.php?rest_route=\/wp\/v2\/posts\/22985\/revisions"}],"predecessor-version":[{"id":22986,"href":"https:\/\/primiciasclorinda.com\/index.php?rest_route=\/wp\/v2\/posts\/22985\/revisions\/22986"}],"wp:featuredmedia":[{"embeddable":true,"href":"https:\/\/primiciasclorinda.com\/index.php?rest_route=\/wp\/v2\/media\/22806"}],"wp:attachment":[{"href":"https:\/\/primiciasclorinda.com\/index.php?rest_route=%2Fwp%2Fv2%2Fmedia&parent=22985"}],"wp:term":[{"taxonomy":"category","embeddable":true,"href":"https:\/\/primiciasclorinda.com\/index.php?rest_route=%2Fwp%2Fv2%2Fcategories&post=22985"},{"taxonomy":"post_tag","embeddable":true,"href":"https:\/\/primiciasclorinda.com\/index.php?rest_route=%2Fwp%2Fv2%2Ftags&post=22985"}],"curies":[{"name":"wp","href":"https:\/\/api.w.org\/{rel}","templated":true}]}}