{"id":22919,"date":"2021-02-01T19:19:31","date_gmt":"2021-02-01T22:19:31","guid":{"rendered":"http:\/\/primiciasclorinda.com\/?p=22919"},"modified":"2021-02-01T19:29:42","modified_gmt":"2021-02-01T22:29:42","slug":"la-corte-suprema-resolvera-si-la-justicia-federal-o-la-de-formosa-investiga-las-denuncias-por-violaciones-a-los-derechos-humanos","status":"publish","type":"post","link":"https:\/\/primiciasclorinda.com\/?p=22919","title":{"rendered":"La Corte Suprema resolver\u00e1 si la Justicia Federal o la de Formosa investiga las denuncias por violaciones a los derechos humanos"},"content":{"rendered":"<p style=\"text-align: justify;\">Frente al pedido de h\u00e1beas corpus presentado por el senador radical Naidenoff, el m\u00e1ximo tribunal deber\u00e1 decidir si los magistrados designados por Gildo Insfr\u00e1n deben tratar -o no- la cuestionada estrategia sanitaria que se ejecut\u00f3 para aplacar los efectos del COVID-19.<\/p>\n<p style=\"text-align: justify;\">La Corte Suprema de Justicia deber\u00e1 intervenir para definir la competencia en el h\u00e1beas corpus iniciado por el senador de la UCR Luis Naidenoff en favor de las personas alojadas en centros de aislamiento que funcionan en Formosa como estrategia provincial para enfrentar la pandemia del COVID-19.<\/p>\n<p style=\"text-align: justify;\">As\u00ed lo resolvi\u00f3 la jueza de feria a cargo del Juzgado Criminal y Correccional N\u00ba 2 del Poder Judicial provincial, Mar\u00eda Bel\u00e9n L\u00f3pez Mace, quien remiti\u00f3 el caso al m\u00e1ximo tribunal para que \u201cresuelva la contienda positiva de competencia\u201d que se produjo luego de que la justicia formose\u00f1a pidi\u00f3 la inhibitoria del expediente al considerar que no le corresponde intervenir a la justicia federal en el tema, en una postura contradictoria con la adoptada por la C\u00e1mara Federal de Casaci\u00f3n Penal.<\/p>\n<p style=\"text-align: justify;\">De esta forma, los ministros de la Corte tendr\u00e1n en sus manos una causa de fuerte voltaje pol\u00edtico y que es motivo de enfrentamientos entre el gobierno nacional y la oposici\u00f3n. El mismo tribunal le hab\u00eda ordenado en noviembre pasado al gobernador Gildo Insfr\u00e1n que permitiera el ingreso de personas que quer\u00edan entrar a Formosa pero estaban retenidas en los accesos al territorio.<\/p>\n<p style=\"text-align: justify;\">Para la dirigencia de Juntos por el Cambio, la decisi\u00f3n judicial que llevar\u00e1 el caso a la Corte \u201ces un planteo dilatorio\u201d, pero \u201cdejar\u00e1 en evidencia una disputa de poder porque la justicia provincial ya hab\u00eda desestimado todos los h\u00e1beas corpus\u201d vinculados con los centros de aislamiento y ahora existir\u00e1 una posibilidad de que el m\u00e1ximo tribunal permita que finalmente se investiguen en el fuero federal las denuncias sobre violaciones a los derechos humanos en Formosa.<\/p>\n<p style=\"text-align: justify;\">Fuente: Infobe.com<\/p>\n","protected":false},"excerpt":{"rendered":"<div class=\"mh-excerpt\"><p>Frente al pedido de h\u00e1beas corpus presentado por el senador radical Naidenoff, el m\u00e1ximo tribunal deber\u00e1 decidir si los magistrados designados por Gildo Insfr\u00e1n deben <a class=\"mh-excerpt-more\" href=\"https:\/\/primiciasclorinda.com\/?p=22919\" title=\"La Corte Suprema resolver\u00e1 si la Justicia Federal o la de Formosa investiga las denuncias por violaciones a los derechos humanos\">[&#8230;]<\/a><\/p>\n<\/div>","protected":false},"author":3,"featured_media":22920,"comment_status":"open","ping_status":"open","sticky":false,"template":"","format":"standard","meta":{"footnotes":""},"categories":[3],"tags":[3023,2199,635,23,757],"class_list":["post-22919","post","type-post","status-publish","format-standard","has-post-thumbnail","hentry","category-politica-economia","tag-covid19","tag-csj","tag-derechos-humanos","tag-formosa","tag-justicia"],"_links":{"self":[{"href":"https:\/\/primiciasclorinda.com\/index.php?rest_route=\/wp\/v2\/posts\/22919","targetHints":{"allow":["GET"]}}],"collection":[{"href":"https:\/\/primiciasclorinda.com\/index.php?rest_route=\/wp\/v2\/posts"}],"about":[{"href":"https:\/\/primiciasclorinda.com\/index.php?rest_route=\/wp\/v2\/types\/post"}],"author":[{"embeddable":true,"href":"https:\/\/primiciasclorinda.com\/index.php?rest_route=\/wp\/v2\/users\/3"}],"replies":[{"embeddable":true,"href":"https:\/\/primiciasclorinda.com\/index.php?rest_route=%2Fwp%2Fv2%2Fcomments&post=22919"}],"version-history":[{"count":2,"href":"https:\/\/primiciasclorinda.com\/index.php?rest_route=\/wp\/v2\/posts\/22919\/revisions"}],"predecessor-version":[{"id":22922,"href":"https:\/\/primiciasclorinda.com\/index.php?rest_route=\/wp\/v2\/posts\/22919\/revisions\/22922"}],"wp:featuredmedia":[{"embeddable":true,"href":"https:\/\/primiciasclorinda.com\/index.php?rest_route=\/wp\/v2\/media\/22920"}],"wp:attachment":[{"href":"https:\/\/primiciasclorinda.com\/index.php?rest_route=%2Fwp%2Fv2%2Fmedia&parent=22919"}],"wp:term":[{"taxonomy":"category","embeddable":true,"href":"https:\/\/primiciasclorinda.com\/index.php?rest_route=%2Fwp%2Fv2%2Fcategories&post=22919"},{"taxonomy":"post_tag","embeddable":true,"href":"https:\/\/primiciasclorinda.com\/index.php?rest_route=%2Fwp%2Fv2%2Ftags&post=22919"}],"curies":[{"name":"wp","href":"https:\/\/api.w.org\/{rel}","templated":true}]}}