{"id":229,"date":"2015-12-21T22:08:03","date_gmt":"2015-12-21T22:08:03","guid":{"rendered":"http:\/\/primiciasclorinda.com\/?p=229"},"modified":"2015-12-21T22:08:03","modified_gmt":"2015-12-21T22:08:03","slug":"el-gobierno-anuncio-un-plus-de-400-a-fin-de-ano-para-beneficiarios-de-la-auh","status":"publish","type":"post","link":"https:\/\/primiciasclorinda.com\/?p=229","title":{"rendered":"El Gobierno anunci\u00f3 un Plus de $400 a fin de a\u00f1o para beneficiarios de la AUH"},"content":{"rendered":"<p style=\"text-align: justify;\"><img loading=\"lazy\" decoding=\"async\" class=\"alignnone size-full wp-image-230\" src=\"http:\/\/primiciasclorinda.com\/wp-content\/uploads\/2015\/12\/anuncio-de-macri-auh.jpg\" alt=\"anuncio de macri auh\" width=\"760\" height=\"506\" srcset=\"https:\/\/primiciasclorinda.com\/wp-content\/uploads\/2015\/12\/anuncio-de-macri-auh.jpg 760w, https:\/\/primiciasclorinda.com\/wp-content\/uploads\/2015\/12\/anuncio-de-macri-auh-300x200.jpg 300w\" sizes=\"auto, (max-width: 760px) 100vw, 760px\" \/><br \/>\nLo anunci\u00f3 el presidente Mauricio Macri en una conferencia de prensa junto a la ministra de Desarrollo Social Carolina Stanley, brindada en la Casa de Gobierno.<!--more--><\/p>\n<p style=\"text-align: justify;\">El presidente Mauricio Macri anunci\u00f3 esta tarde que el Gobierno realizar\u00e1 un \u00abaporte de 400 pesos\u00bb a todos los beneficiarios de la Asignaci\u00f3n por Hijo (AUH) y a las mujeres embarazadas que cobran el plan, un \u00abuniverso de 8 millones de personas\u00bb que ser\u00e1n alcanzados por esta medida, la cual estar\u00e1 implementada \u00abantes del \u00faltimo fin de semana del a\u00f1o\u00bb.<\/p>\n<p style=\"text-align: justify;\">El Presidente inform\u00f3 que el costo fiscal de la iniciativa es de 3.300 millones de pesos (con fondos de la Anses) y justific\u00f3 la medida en que registr\u00f3 \u00abdeslizamientos de precios en la Canasta B\u00e1sica\u00bb, aunque expres\u00f3 estar \u00aboptimista\u00bb por las repercusiones de los anuncios econ\u00f3micos dados por el Gobierno desde su asunci\u00f3n.<\/p>\n","protected":false},"excerpt":{"rendered":"<div class=\"mh-excerpt\"><p>Lo anunci\u00f3 el presidente Mauricio Macri en una conferencia de prensa junto a la ministra de Desarrollo Social Carolina Stanley, brindada en la Casa de <a class=\"mh-excerpt-more\" href=\"https:\/\/primiciasclorinda.com\/?p=229\" title=\"El Gobierno anunci\u00f3 un Plus de $400 a fin de a\u00f1o para beneficiarios de la AUH\">[&#8230;]<\/a><\/p>\n<\/div>","protected":false},"author":3,"featured_media":0,"comment_status":"open","ping_status":"open","sticky":false,"template":"","format":"standard","meta":{"footnotes":""},"categories":[4],"tags":[86,13,87],"class_list":["post-229","post","type-post","status-publish","format-standard","hentry","category-informacion-general","tag-auh","tag-mauricio-macri","tag-plus"],"_links":{"self":[{"href":"https:\/\/primiciasclorinda.com\/index.php?rest_route=\/wp\/v2\/posts\/229","targetHints":{"allow":["GET"]}}],"collection":[{"href":"https:\/\/primiciasclorinda.com\/index.php?rest_route=\/wp\/v2\/posts"}],"about":[{"href":"https:\/\/primiciasclorinda.com\/index.php?rest_route=\/wp\/v2\/types\/post"}],"author":[{"embeddable":true,"href":"https:\/\/primiciasclorinda.com\/index.php?rest_route=\/wp\/v2\/users\/3"}],"replies":[{"embeddable":true,"href":"https:\/\/primiciasclorinda.com\/index.php?rest_route=%2Fwp%2Fv2%2Fcomments&post=229"}],"version-history":[{"count":1,"href":"https:\/\/primiciasclorinda.com\/index.php?rest_route=\/wp\/v2\/posts\/229\/revisions"}],"predecessor-version":[{"id":231,"href":"https:\/\/primiciasclorinda.com\/index.php?rest_route=\/wp\/v2\/posts\/229\/revisions\/231"}],"wp:attachment":[{"href":"https:\/\/primiciasclorinda.com\/index.php?rest_route=%2Fwp%2Fv2%2Fmedia&parent=229"}],"wp:term":[{"taxonomy":"category","embeddable":true,"href":"https:\/\/primiciasclorinda.com\/index.php?rest_route=%2Fwp%2Fv2%2Fcategories&post=229"},{"taxonomy":"post_tag","embeddable":true,"href":"https:\/\/primiciasclorinda.com\/index.php?rest_route=%2Fwp%2Fv2%2Ftags&post=229"}],"curies":[{"name":"wp","href":"https:\/\/api.w.org\/{rel}","templated":true}]}}