{"id":22878,"date":"2021-01-29T18:15:23","date_gmt":"2021-01-29T21:15:23","guid":{"rendered":"http:\/\/primiciasclorinda.com\/?p=22878"},"modified":"2021-01-29T18:15:23","modified_gmt":"2021-01-29T21:15:23","slug":"amnistia-internacional-solicito-que-la-secretaria-de-derechos-humanos-condene-los-atropellos-ocurridos-en-formosa","status":"publish","type":"post","link":"https:\/\/primiciasclorinda.com\/?p=22878","title":{"rendered":"Amnist\u00eda Internacional solicit\u00f3 que la Secretar\u00eda de Derechos Humanos condene los atropellos ocurridos en Formosa"},"content":{"rendered":"<p style=\"text-align: justify;\">Desde la ONG se\u00f1alaron que el gobierno nacional no debe convalidar las pol\u00edticas del mandatario Gildo Insfr\u00e1n, que \u201cexponen a las personas a situaciones de encierro compulsivo y arbitrario\u201d.<\/p>\n<p>Amnist\u00eda Internacional solicit\u00f3 hoy a la Secretar\u00eda de Derechos Humanos de la Naci\u00f3n que condene las violaciones a los derechos humanos cometidas por el gobierno de Formosa y que agote todos los medios a su alcance para revertir la grave situaci\u00f3n a partir de las medidas desproporcionadas para combatir la pandemia provocada por el COVID-19 en la provincia.<\/p>\n<p style=\"text-align: justify;\">A trav\u00e9s de una carta dirigida al secretario de Derechos Humanos, Horacio Pietragalla Corti, la organizaci\u00f3n reiter\u00f3 su preocupaci\u00f3n por la gravedad de las denuncias de las personas afectadas, luego de la visita de la misi\u00f3n nacional, en la que se recorrieron centros de aislamiento. En ese sentido, enfatizaron que los hechos denunciados demuestran \u201cuna grave afectaci\u00f3n\u201d del derecho a la salud, a la integridad f\u00edsica y mental, a la vida, a no sufrir tratos crueles, inhumanos y degradantes, a la libertad personal, a la privacidad e intimidad, y a recibir un trato digno.<\/p>\n<p style=\"text-align: justify;\">\u201cEl Gobierno nacional no debe convalidar una pol\u00edtica que expone a las personas a situaciones de encierro compulsivo y arbitrario, y a otras violaciones a sus derechos. El mandato de la Secretar\u00eda de Derechos Humanos consiste en la promoci\u00f3n y protecci\u00f3n de los derechos humanos; por eso, debe ser absolutamente respetuosa de las denuncias recibidas de los propios afectados y actuar en consecuencia, sin excusas\u201d, sostuvo la directora ejecutiva de Amnist\u00eda Internacional Argentina, Mariela Belski.<\/p>\n<p style=\"text-align: justify;\">Los hechos denunciados<\/p>\n<p>El gobierno de la provincia de Formosa dispuso la cuarentena involuntaria y obligatoria en Centros de Atenci\u00f3n Sanitaria (CAS) como pol\u00edtica sanitaria. Por su naturaleza, los mecanismos a trav\u00e9s de los cuales se implement\u00f3 la cuarentena compulsiva constituyeron una privaci\u00f3n de la libertad de facto en condiciones insalubres por tiempo indeterminado y de manera arbitraria.<\/p>\n<p style=\"text-align: justify;\">Seg\u00fan detalla Amnist\u00eda Internacional, \u201centre las denuncias, surgen testimonios de personas que sufrieron y sufren el aislamiento de manera compulsiva en establecimientos que, por sus condiciones, las expusieron al contagio. Adem\u00e1s, los plazos del aislamiento no fueron debidamente determinados, durando incluso m\u00e1s de 30 d\u00edas, y las personas registraron una falta de acceso a los resultados de sus testeos de COVID-19 e informaci\u00f3n precisa sobre su situaci\u00f3n de salud\u201d.<\/p>\n<p style=\"text-align: justify;\">Asimismo, desde la ONG se\u00f1alaron que los testimonios revelaron que personal policial realizaba custodia las 24 horas, siendo la presencia de personal de salud muy poco significativa. Por otra parte -seg\u00fan los testimonios- en los centros se registr\u00f3 hacinamiento, falta de higiene, falta de ventilaci\u00f3n, provisi\u00f3n escasa de alimentaci\u00f3n, utilizaci\u00f3n de rejas y cierre de aberturas como puertas y ventanas, inexistencia de espacios separados para hombres, mujeres, adultos mayores y ni\u00f1os\/as para proteger mejor su salud y resguardar su intimidad, entre otras graves denuncias. Incluso, se han dado traslados y liberaciones repentinas ante el anuncio de la visita de la Secretar\u00eda de Derechos Humanos.<\/p>\n<p style=\"text-align: justify;\">Chicos en el centro de aislamiento de Formosa<\/p>\n<p>\u201cUna pol\u00edtica sanitaria nunca es exitosa si implica el avasallamiento de los derechos humanos. La vulneraci\u00f3n de derechos no puede ser una alternativa en un pa\u00eds respetuoso de sus compromisos internacionales. El cumplimiento de los derechos humanos no es un obst\u00e1culo para combatir al COVID-19 sino, por el contrario, es el marco que asigna legitimidad, legalidad y eficacia a las acciones de gobierno\u201d, plantearon en un comunicado oficial.<\/p>\n<p style=\"text-align: justify;\">Por todo ello, Amnist\u00eda Internacional ratific\u00f3 que la protecci\u00f3n y defensa de los derechos de las personas deben ser una prioridad para la implementaci\u00f3n de pol\u00edticas para contener la pandemia y solicit\u00f3 que la actuaci\u00f3n de la Secretar\u00eda de Derechos Humanos d\u00e9 cuenta del m\u00e1ximo respeto a los derechos humanos y a las obligaciones internacionales que el Estado argentino ha asumido.<\/p>\n","protected":false},"excerpt":{"rendered":"<div class=\"mh-excerpt\"><p>Desde la ONG se\u00f1alaron que el gobierno nacional no debe convalidar las pol\u00edticas del mandatario Gildo Insfr\u00e1n, que \u201cexponen a las personas a situaciones de <a class=\"mh-excerpt-more\" href=\"https:\/\/primiciasclorinda.com\/?p=22878\" title=\"Amnist\u00eda Internacional solicit\u00f3 que la Secretar\u00eda de Derechos Humanos condene los atropellos ocurridos en Formosa\">[&#8230;]<\/a><\/p>\n<\/div>","protected":false},"author":3,"featured_media":22879,"comment_status":"open","ping_status":"open","sticky":false,"template":"","format":"standard","meta":{"footnotes":""},"categories":[3],"tags":[3472,3483],"class_list":["post-22878","post","type-post","status-publish","format-standard","has-post-thumbnail","hentry","category-politica-economia","tag-amnistia-internacional","tag-secretaria-de-derechos-humanos"],"_links":{"self":[{"href":"https:\/\/primiciasclorinda.com\/index.php?rest_route=\/wp\/v2\/posts\/22878","targetHints":{"allow":["GET"]}}],"collection":[{"href":"https:\/\/primiciasclorinda.com\/index.php?rest_route=\/wp\/v2\/posts"}],"about":[{"href":"https:\/\/primiciasclorinda.com\/index.php?rest_route=\/wp\/v2\/types\/post"}],"author":[{"embeddable":true,"href":"https:\/\/primiciasclorinda.com\/index.php?rest_route=\/wp\/v2\/users\/3"}],"replies":[{"embeddable":true,"href":"https:\/\/primiciasclorinda.com\/index.php?rest_route=%2Fwp%2Fv2%2Fcomments&post=22878"}],"version-history":[{"count":1,"href":"https:\/\/primiciasclorinda.com\/index.php?rest_route=\/wp\/v2\/posts\/22878\/revisions"}],"predecessor-version":[{"id":22880,"href":"https:\/\/primiciasclorinda.com\/index.php?rest_route=\/wp\/v2\/posts\/22878\/revisions\/22880"}],"wp:featuredmedia":[{"embeddable":true,"href":"https:\/\/primiciasclorinda.com\/index.php?rest_route=\/wp\/v2\/media\/22879"}],"wp:attachment":[{"href":"https:\/\/primiciasclorinda.com\/index.php?rest_route=%2Fwp%2Fv2%2Fmedia&parent=22878"}],"wp:term":[{"taxonomy":"category","embeddable":true,"href":"https:\/\/primiciasclorinda.com\/index.php?rest_route=%2Fwp%2Fv2%2Fcategories&post=22878"},{"taxonomy":"post_tag","embeddable":true,"href":"https:\/\/primiciasclorinda.com\/index.php?rest_route=%2Fwp%2Fv2%2Ftags&post=22878"}],"curies":[{"name":"wp","href":"https:\/\/api.w.org\/{rel}","templated":true}]}}