{"id":22808,"date":"2021-01-26T07:55:47","date_gmt":"2021-01-26T10:55:47","guid":{"rendered":"http:\/\/primiciasclorinda.com\/?p=22808"},"modified":"2021-01-26T07:56:36","modified_gmt":"2021-01-26T10:56:36","slug":"la-cooperativa-clorinda-cerrara-las-puertas-de-administracion-y-cabinas-por-2-casos-de-covid19","status":"publish","type":"post","link":"https:\/\/primiciasclorinda.com\/?p=22808","title":{"rendered":"La Cooperativa Clorinda cerrar\u00e1 las puertas de administraci\u00f3n y cabinas por 2 casos de Covid19"},"content":{"rendered":"<p style=\"text-align: justify;\">La instituci\u00f3n inform\u00f3 que han tenido dos casos positivos en las \u00faltimas horas, se trata de dos empleados que se desempe\u00f1aban hasta el momento de la detecci\u00f3n del virus, como cajeros en las cabinas de las 742 viviendas. Es por esto que en el d\u00eda de hoy martes no abrir\u00e1n las puertas de la instituci\u00f3n, tanto de las cabinas como de la administraci\u00f3n, debido a que se proceder\u00e1n a realizarse los hisopados el personal de la Cooperativa que dispone las autoridades sanitarias.<\/p>\n<p style=\"text-align: justify;\">El Covid19 avanza y la Cooperativa Clorinda no fue la excepci\u00f3n, si bien hab\u00eda pasado casi toda la pandemia sin casos confirmados en las \u00faltimas horas se confirmaron dos casos, dos trabajadores del sector de cabinas, ambos prestaban tareas en las 742 viviendas.<\/p>\n<p style=\"text-align: justify;\">El Gerente, Enrique Alegre, explic\u00f3 que ante esta novedad el Consejo de Administraci\u00f3n de la Cooperativa instruy\u00f3 que la instituci\u00f3n se ponga a disposici\u00f3n de lo que decidan las autoridades sanitarias a fin de colaborar y poner a resguardo tanto a los empleados como a los clientes y usuarios.<\/p>\n<p style=\"text-align: justify;\">Es por esto y en coordinaci\u00f3n con las autoridades sanitarias locales y provinciales se decidi\u00f3 mantener cerrada las cabinas de las 742 desde el d\u00eda lunes y cerrar preventivamente hasta que el personal se realice los hisopados correspondientes la cabina c\u00e9ntrica y la administraci\u00f3n central.<\/p>\n<p style=\"text-align: justify;\">Durante la jornada de hoy se estar\u00e1n realizando los hisopados pertinentes para asegurar la salud de los empleados de la instituci\u00f3n como tambi\u00e9n el de los usuarios y socios que habitualmente acuden a la instituci\u00f3n.<\/p>\n<p style=\"text-align: justify;\">Vale mencionar que el d\u00eda lunes se realiz\u00f3 la desinfecci\u00f3n de las cabinas de las 742 viviendas a cargo del equipo de salud.<\/p>\n","protected":false},"excerpt":{"rendered":"<div class=\"mh-excerpt\"><p>La instituci\u00f3n inform\u00f3 que han tenido dos casos positivos en las \u00faltimas horas, se trata de dos empleados que se desempe\u00f1aban hasta el momento de <a class=\"mh-excerpt-more\" href=\"https:\/\/primiciasclorinda.com\/?p=22808\" title=\"La Cooperativa Clorinda cerrar\u00e1 las puertas de administraci\u00f3n y cabinas por 2 casos de Covid19\">[&#8230;]<\/a><\/p>\n<\/div>","protected":false},"author":3,"featured_media":22809,"comment_status":"open","ping_status":"open","sticky":false,"template":"","format":"standard","meta":{"footnotes":""},"categories":[4,3],"tags":[26,117,3023],"class_list":["post-22808","post","type-post","status-publish","format-standard","has-post-thumbnail","hentry","category-informacion-general","category-politica-economia","tag-clorinda","tag-cooperativa-clorinda","tag-covid19"],"_links":{"self":[{"href":"https:\/\/primiciasclorinda.com\/index.php?rest_route=\/wp\/v2\/posts\/22808","targetHints":{"allow":["GET"]}}],"collection":[{"href":"https:\/\/primiciasclorinda.com\/index.php?rest_route=\/wp\/v2\/posts"}],"about":[{"href":"https:\/\/primiciasclorinda.com\/index.php?rest_route=\/wp\/v2\/types\/post"}],"author":[{"embeddable":true,"href":"https:\/\/primiciasclorinda.com\/index.php?rest_route=\/wp\/v2\/users\/3"}],"replies":[{"embeddable":true,"href":"https:\/\/primiciasclorinda.com\/index.php?rest_route=%2Fwp%2Fv2%2Fcomments&post=22808"}],"version-history":[{"count":2,"href":"https:\/\/primiciasclorinda.com\/index.php?rest_route=\/wp\/v2\/posts\/22808\/revisions"}],"predecessor-version":[{"id":22811,"href":"https:\/\/primiciasclorinda.com\/index.php?rest_route=\/wp\/v2\/posts\/22808\/revisions\/22811"}],"wp:featuredmedia":[{"embeddable":true,"href":"https:\/\/primiciasclorinda.com\/index.php?rest_route=\/wp\/v2\/media\/22809"}],"wp:attachment":[{"href":"https:\/\/primiciasclorinda.com\/index.php?rest_route=%2Fwp%2Fv2%2Fmedia&parent=22808"}],"wp:term":[{"taxonomy":"category","embeddable":true,"href":"https:\/\/primiciasclorinda.com\/index.php?rest_route=%2Fwp%2Fv2%2Fcategories&post=22808"},{"taxonomy":"post_tag","embeddable":true,"href":"https:\/\/primiciasclorinda.com\/index.php?rest_route=%2Fwp%2Fv2%2Ftags&post=22808"}],"curies":[{"name":"wp","href":"https:\/\/api.w.org\/{rel}","templated":true}]}}