{"id":22716,"date":"2021-01-19T19:36:39","date_gmt":"2021-01-19T22:36:39","guid":{"rendered":"http:\/\/primiciasclorinda.com\/?p=22716"},"modified":"2021-01-19T19:36:39","modified_gmt":"2021-01-19T22:36:39","slug":"elisa-carrio-hay-una-gravisima-violacion-de-derechos-humanos-en-formosa","status":"publish","type":"post","link":"https:\/\/primiciasclorinda.com\/?p=22716","title":{"rendered":"Elisa Carri\u00f3: \u201cHay una grav\u00edsima violaci\u00f3n de derechos humanos en Formosa\u201d"},"content":{"rendered":"<p style=\"text-align: justify;\">La dirigente de Juntos por el Cambio se refiri\u00f3 a las denuncias por hacinamiento en uno de los centros de atenci\u00f3n sanitaria de COVID-19 montados en la provincia gobernada por Gildo Insfr\u00e1n.<\/p>\n<p style=\"text-align: justify;\">Elisa Carri\u00f3 public\u00f3 un audio en su cuenta en Twitter bajo el t\u00edtulo \u201cgrav\u00edsima violaci\u00f3n de derechos humanos en Formosa\u201d, en el que hizo duros cuestionamientos tras las denuncias por hacinamiento en uno de los centros de aislamiento para pacientes con COVID-19 montados en la provincia gobernada por Gildo Insfr\u00e1n.<\/p>\n<p style=\"text-align: justify;\">Infobae public\u00f3 este martes im\u00e1genes desde adentro del centro de aislamiento y se comunic\u00f3 con la abogada y concejala de Formosa capital Gabriela Neme, quien radic\u00f3 una denuncia contra Insfr\u00e1n y el ministro de Gobierno, Justicia, Seguridad y Trabajo provincial, Jorge Abel Gonz\u00e1lez, por \u201cpropagar la pandemia del coronavirus\u201d e \u201cincumplir con sus deberes de funcionarios p\u00fablicos\u201d. \u201cLas personas contagiadas y las que todav\u00eda est\u00e1n esperando el resultado de su hisopado est\u00e1n todas juntas en el mismo lugar. No las dejan salir y comparten los ba\u00f1os, entonces lo que hay son centros de contagio\u201d, se\u00f1al\u00f3 la letrada.<\/p>\n<p style=\"text-align: justify;\">Ante esta situaci\u00f3n, Carri\u00f3 public\u00f3 un audio en Twitter, en el que dijo: \u201cHay una grav\u00edsima violaci\u00f3n de los derechos humanos en Formosa. El sometimiento, aislamiento y vejaci\u00f3n en los establecimientos escolares portantes de personas que est\u00e1n pr\u00e1cticamente sitiadas durante 14 d\u00edas para entrar a la provincia, aunque no tengan COVID, viola el tratado sobre la tortura, el derecho a circular y otra multiplicidad de derechos humanos b\u00e1sicos previstos tambi\u00e9n en la Convenci\u00f3n Interamericana de Derechos Humanos\u201d.<\/p>\n<p style=\"text-align: justify;\">La mencionada Convenci\u00f3n entr\u00f3 en vigencia el 18 de julio de 1978 y es una de las bases del sistema interamericano de promoci\u00f3n y protecci\u00f3n de los derechos humanos, que obliga a los pa\u00edses que han adherido a adoptar medidas legislativas o de otro car\u00e1cter que fueren necesarios para hacer efectivos los derechos y libertades, cuyo ejercicio, por alg\u00fan motivo, no se puede garantizar. A la fecha han manifestado su consentimiento 25 naciones, entre las que se encuentra la Argentina.<\/p>\n<p style=\"text-align: justify;\">En ese sentido, la ex diputada nacional adelant\u00f3: \u201cVamos a pedir la intervenci\u00f3n de la Comisi\u00f3n de Derechos Humanos, vamos a pedir una visita in situ, vamos a ir a la Comisi\u00f3n Interamericana de Derechos Humanos y vamos a pedir la intervenci\u00f3n federal del Poder Ejecutivo de la provincia de Formosa\u201d.<\/p>\n<p style=\"text-align: justify;\">\u201cCualquier persona en nombre de otra, de cualquier jurisdicci\u00f3n del pa\u00eds que deba viajar a Formosa por razones graves, como puede ser el padecimiento o el pronto fallecimiento de un familiar, puede interponer y debe interponer un h\u00e1beas corpus, ya que no se puede ir hasta Formosa para interponerlo. Lo puede hacer en cualquier jurisdicci\u00f3n federal del pa\u00eds. A esta altura esto no es competencia de la Justicia provincial, sino que estamos en el marco de violaciones de derechos fundamentales en materia de libertad f\u00edsica de las personas, que corresponde a cualquier jurisdicci\u00f3n y cualquier juez es competente\u201d, concluy\u00f3 Carri\u00f3.<\/p>\n<p style=\"text-align: justify;\">En su denuncia, la abogada formose\u00f1a Neme destac\u00f3 que todos los que se encuentran en el centro de aislamiento del Estadio Cincuentenario, tanto los sanos como los contagiados, comparten el mismo ba\u00f1o, tienen una sola cama por grupo familiar y en algunas ocasiones nunca reciben el resultado de su hisopado. Adem\u00e1s, se\u00f1al\u00f3 que nadie recibe asistencia psicol\u00f3gica y que se encuentran en estado de hacinamiento.<\/p>\n<p style=\"text-align: justify;\">Al ser consultada sobre los motivos que llevaron a esta situaci\u00f3n de \u201ccondiciones inhumanas\u201d, seg\u00fan sus palabras, la concejala desliz\u00f3 que se esconde una explicaci\u00f3n econ\u00f3mica: \u201cPor la resoluci\u00f3n 326 de la Superintendencia de la Salud, cuando una persona es aislada Naci\u00f3n le transfiere a la provincia 10 mil pesos por d\u00eda durante siete d\u00edas. Por cada diagnosticado, le pagan 19.700 pesos por d\u00eda durante 14 d\u00edas. Y si tiene que usar respirador, pagan 23.640 pesos por d\u00eda durante 14 d\u00edas\u201d.<\/p>\n<p style=\"text-align: justify;\">Jorge Abel Gonz\u00e1lez, el ministro de Gobierno de Insfr\u00e1n, que tambi\u00e9n fue acusado por Neme, dijo a Infobae que en Formosa no hay centros de aislamiento, sino que hay 13 centros de atenci\u00f3n sanitaria distribuidos en todo el territorio provincial. A esos sitios -entre los que se encuentra el Estadio Cincuentenario- son derivadas todas las personas asintom\u00e1ticas o con s\u00edntomas leves que dieron positivo de coronavirus. Los casos moderados o graves son atendidos en el Hospital Interdistrital de Contingencia COVID-19.<\/p>\n<p style=\"text-align: justify;\">Seg\u00fan sus declaraciones, todas las personas que se encuentran en el Estadio Cincuentenario -con la \u201cexcepci\u00f3n de alg\u00fan caso en particular\u201d- cuentan con el resultado positivo de coronavirus y tienen s\u00edntomas leves o son asintom\u00e1ticas. Adem\u00e1s, asegur\u00f3 que no hay hacinamiento en el lugar ya que cuenta con 282 camas, y el d\u00eda que fueron grabados los videos hab\u00eda 235 personas.<\/p>\n<p style=\"text-align: justify;\">\u201cEs entendible lo de la concejala Neme porque termina su mandato este a\u00f1o. Ella ingres\u00f3 a la concejal\u00eda por nuestro frente pero despu\u00e9s se ali\u00f3 con la oposici\u00f3n. Est\u00e1 generando un \u00e1mbito en el que tiene presencia en los medios\u2026 Ella no es la \u00fanica: el diputado Mario Arce tambi\u00e9n hizo una denuncia. La oposici\u00f3n encontr\u00f3 ac\u00e1 una oportunidad para tener presencia ante un escenario que le est\u00e1 siendo desfavorable en cuanto a la realizaci\u00f3n de acciones que puedan tener una visibilidad. Por la pandemia tuvieron que realizar alguna acci\u00f3n para diferenciarse de las pol\u00edticas que venimos teniendo nosotros\u201d, manifest\u00f3 el funcionario.<\/p>\n<p style=\"text-align: justify;\">(Infobae)<\/p>\n","protected":false},"excerpt":{"rendered":"<div class=\"mh-excerpt\"><p>La dirigente de Juntos por el Cambio se refiri\u00f3 a las denuncias por hacinamiento en uno de los centros de atenci\u00f3n sanitaria de COVID-19 montados <a class=\"mh-excerpt-more\" href=\"https:\/\/primiciasclorinda.com\/?p=22716\" title=\"Elisa Carri\u00f3: \u201cHay una grav\u00edsima violaci\u00f3n de derechos humanos en Formosa\u201d\">[&#8230;]<\/a><\/p>\n<\/div>","protected":false},"author":3,"featured_media":22717,"comment_status":"open","ping_status":"open","sticky":false,"template":"","format":"standard","meta":{"footnotes":""},"categories":[4],"tags":[774,23],"class_list":["post-22716","post","type-post","status-publish","format-standard","has-post-thumbnail","hentry","category-informacion-general","tag-elisa-carrio","tag-formosa"],"_links":{"self":[{"href":"https:\/\/primiciasclorinda.com\/index.php?rest_route=\/wp\/v2\/posts\/22716","targetHints":{"allow":["GET"]}}],"collection":[{"href":"https:\/\/primiciasclorinda.com\/index.php?rest_route=\/wp\/v2\/posts"}],"about":[{"href":"https:\/\/primiciasclorinda.com\/index.php?rest_route=\/wp\/v2\/types\/post"}],"author":[{"embeddable":true,"href":"https:\/\/primiciasclorinda.com\/index.php?rest_route=\/wp\/v2\/users\/3"}],"replies":[{"embeddable":true,"href":"https:\/\/primiciasclorinda.com\/index.php?rest_route=%2Fwp%2Fv2%2Fcomments&post=22716"}],"version-history":[{"count":1,"href":"https:\/\/primiciasclorinda.com\/index.php?rest_route=\/wp\/v2\/posts\/22716\/revisions"}],"predecessor-version":[{"id":22718,"href":"https:\/\/primiciasclorinda.com\/index.php?rest_route=\/wp\/v2\/posts\/22716\/revisions\/22718"}],"wp:featuredmedia":[{"embeddable":true,"href":"https:\/\/primiciasclorinda.com\/index.php?rest_route=\/wp\/v2\/media\/22717"}],"wp:attachment":[{"href":"https:\/\/primiciasclorinda.com\/index.php?rest_route=%2Fwp%2Fv2%2Fmedia&parent=22716"}],"wp:term":[{"taxonomy":"category","embeddable":true,"href":"https:\/\/primiciasclorinda.com\/index.php?rest_route=%2Fwp%2Fv2%2Fcategories&post=22716"},{"taxonomy":"post_tag","embeddable":true,"href":"https:\/\/primiciasclorinda.com\/index.php?rest_route=%2Fwp%2Fv2%2Ftags&post=22716"}],"curies":[{"name":"wp","href":"https:\/\/api.w.org\/{rel}","templated":true}]}}