{"id":22708,"date":"2021-01-19T18:58:22","date_gmt":"2021-01-19T21:58:22","guid":{"rendered":"http:\/\/primiciasclorinda.com\/?p=22708"},"modified":"2021-01-19T18:59:32","modified_gmt":"2021-01-19T21:59:32","slug":"buryaile-el-sector-privado-pide-poder-trabajar-no-pide-subsidios","status":"publish","type":"post","link":"https:\/\/primiciasclorinda.com\/?p=22708","title":{"rendered":"Buryaile: \u00abEl sector privado pide poder trabajar, no pide subsidios\u00bb"},"content":{"rendered":"<p style=\"text-align: justify;\">El diputado nacional Ricardo Buryaile, sostuvo que \u00abla Ciudad de Formosa presenta al d\u00eda de la fecha la cuarentena m\u00e1s estricta e incomprensible de toda la Rep\u00fablica Argentina y seguramente de muchos pa\u00edses que hoy enfrentan la pandemia\u201d.<\/p>\n<p style=\"text-align: justify;\">El legislador de Juntos por el Cambio dej\u00f3 en claro que \u00abno se discute la pandemia, se discute el remedio que se utiliza para enfrentarse a ella\u00bb, y se\u00f1al\u00f3 que \u201cpareciera que se tom\u00f3 el atajo de prohibir actividades en lugar de promover el cuidado\u201d.<\/p>\n<p style=\"text-align: justify;\">El ex Ministro de Agroindustria de la Naci\u00f3n afirm\u00f3 que \u00ablas medidas propuestas por la mesa del COVID-19 no resultan consistentes ni sustentables con la realidad social, sanitaria ni econ\u00f3mica de la poblaci\u00f3n de la capital y de ciudades como Clorinda\u00bb. Hizo referencia al hecho de que estas localidades estuvieron con casi 5 meses de aislamiento del territorio provincial \u201cy por ende, del pa\u00eds entero\u201d.<\/p>\n<p style=\"text-align: justify;\">En ese contexto, coment\u00f3 que las medidas \u00abno son consistentes desde lo sanitario, porque los centros de aislamientos montados en el territorio conviven personas portadoras del virus asintom\u00e1ticas con personas que se presume portan la enfermedad, generando la posibilidad de un contagio masivo dentro de los respectivos centros\u00bb.<\/p>\n<p style=\"text-align: justify;\">Cuestion\u00f3, adem\u00e1s, que los centros \u00abcarecen de la infraestructura b\u00e1sica requerida para albergar a la cantidad de personas alojadas, ba\u00f1os, aire acondicionado, intimidad y cualquier necesidad b\u00e1sica que pueda necesitar un paciente para estar por un plazo m\u00ednimo de 14 o m\u00e1s d\u00edas en el\u00bb.<\/p>\n<p style=\"text-align: justify;\">Para el diputado de Cambiemos, la cuarentena instaurada no es consistente con la econom\u00eda de la sociedad en su conjunto, \u00abni para quienes se ganan la vida con las &#8216;changas&#8217; diarias para llevar la comida a su casa ni para quienes desarrollan una actividad privada comercial, productiva o de servicios\u00bb, insisti\u00f3.<\/p>\n<p style=\"text-align: justify;\">Haciendo una descripci\u00f3n de la realidad econ\u00f3mica y social, advirti\u00f3 que \u00abhoy no est\u00e1n ni siquiera el IFE que abarcaba a los primeros, ni el ATP que ayudaba a los empresarios a pagar los sueldos de sus trabajadores ante las restricciones impuestas, hoy est\u00e1n en el mayor desamparo que pueda imaginarse\u00bb.<\/p>\n<p style=\"text-align: justify;\">\u201c\u00bfC\u00f3mo creen que podr\u00e1 atender sus obligaciones comerciales y bancarias el due\u00f1o de un bar, restaurant, hotel, gimnasio, clubes o cualquier emprendedor si le est\u00e1 vedado generar los recursos para ello? \u00bfC\u00f3mo podr\u00e1 enfrentar los impuestos nacionales y provinciales si tiene el negocio cerrado? \u00bfC\u00f3mo pagar\u00e1n los sueldos a sus trabajadores y los alquileres?, se pregunt\u00f3.<\/p>\n<p style=\"text-align: justify;\">Para Buryaile, los ciudadanos actualmente est\u00e1n ante muchas preguntas y ninguna respuesta para la situaci\u00f3n de desesperanza que vive el sector privado en las localidades afectadas en Formosa.<\/p>\n<p style=\"text-align: justify;\">Indic\u00f3 que \u00abno ha habido ninguna medida del Gobierno provincial relativa a los servicios p\u00fablicos ni a las cuestiones impositivas, absolutamente ninguna\u00bb y agreg\u00f3 que \u00abel 55% de los locales comerciales no pueden pagar sus alquileres y mas del 25% ya cerr\u00f3 definitivamente sus puertas\u00bb, generando p\u00e9rdida de puestos de trabajo y quiebras que pymes que \u00abser\u00e1 muy dif\u00edcil de recuperar\u00bb.<\/p>\n<p style=\"text-align: justify;\">Ante el dif\u00edcil contexto actual, Buryaile advierte \u00abque quede claro, se necesita poder trabajar en las condiciones y con los protocolos correspondientes\u00bb. \u00bfEs razonable con 57 casos tener cerrada una ciudad de 350 mil habitantes?, pregunt\u00f3 con iron\u00eda. \u00abDefinitivamente es una medida extrema que se pagar\u00e1 tambi\u00e9n en lo social, generando m\u00e1s pobreza y exclusiones en una sociedad golpeada por sus bajos ingresos y sus pocas oportunidades laborales\u00bb, reiter\u00f3 con preocupaci\u00f3n.<\/p>\n<p style=\"text-align: justify;\">Finalmente, manifest\u00f3 que \u00abcabr\u00eda preguntarse si la estrategia provincial es esperar la salvadora vacuna tantas veces prometida y hasta ahora incumplida por el Gobierno nacional\u00bb. El diputado advirti\u00f3 que \u00ablos &#8216;\u00e9picos&#8217; vuelos a Mosc\u00fa cual San Mart\u00edn cruzando los Andes presagian s\u00f3lo relato para nuestra sociedad y soluciones a largo plazo que no puede esperarse\u00bb.<\/p>\n","protected":false},"excerpt":{"rendered":"<div class=\"mh-excerpt\"><p>El diputado nacional Ricardo Buryaile, sostuvo que \u00abla Ciudad de Formosa presenta al d\u00eda de la fecha la cuarentena m\u00e1s estricta e incomprensible de toda <a class=\"mh-excerpt-more\" href=\"https:\/\/primiciasclorinda.com\/?p=22708\" title=\"Buryaile: \u00abEl sector privado pide poder trabajar, no pide subsidios\u00bb\">[&#8230;]<\/a><\/p>\n<\/div>","protected":false},"author":3,"featured_media":22709,"comment_status":"open","ping_status":"open","sticky":false,"template":"","format":"standard","meta":{"footnotes":""},"categories":[4,3],"tags":[3464,23],"class_list":["post-22708","post","type-post","status-publish","format-standard","has-post-thumbnail","hentry","category-informacion-general","category-politica-economia","tag-buryaile","tag-formosa"],"_links":{"self":[{"href":"https:\/\/primiciasclorinda.com\/index.php?rest_route=\/wp\/v2\/posts\/22708","targetHints":{"allow":["GET"]}}],"collection":[{"href":"https:\/\/primiciasclorinda.com\/index.php?rest_route=\/wp\/v2\/posts"}],"about":[{"href":"https:\/\/primiciasclorinda.com\/index.php?rest_route=\/wp\/v2\/types\/post"}],"author":[{"embeddable":true,"href":"https:\/\/primiciasclorinda.com\/index.php?rest_route=\/wp\/v2\/users\/3"}],"replies":[{"embeddable":true,"href":"https:\/\/primiciasclorinda.com\/index.php?rest_route=%2Fwp%2Fv2%2Fcomments&post=22708"}],"version-history":[{"count":2,"href":"https:\/\/primiciasclorinda.com\/index.php?rest_route=\/wp\/v2\/posts\/22708\/revisions"}],"predecessor-version":[{"id":22711,"href":"https:\/\/primiciasclorinda.com\/index.php?rest_route=\/wp\/v2\/posts\/22708\/revisions\/22711"}],"wp:featuredmedia":[{"embeddable":true,"href":"https:\/\/primiciasclorinda.com\/index.php?rest_route=\/wp\/v2\/media\/22709"}],"wp:attachment":[{"href":"https:\/\/primiciasclorinda.com\/index.php?rest_route=%2Fwp%2Fv2%2Fmedia&parent=22708"}],"wp:term":[{"taxonomy":"category","embeddable":true,"href":"https:\/\/primiciasclorinda.com\/index.php?rest_route=%2Fwp%2Fv2%2Fcategories&post=22708"},{"taxonomy":"post_tag","embeddable":true,"href":"https:\/\/primiciasclorinda.com\/index.php?rest_route=%2Fwp%2Fv2%2Ftags&post=22708"}],"curies":[{"name":"wp","href":"https:\/\/api.w.org\/{rel}","templated":true}]}}