{"id":22603,"date":"2021-01-07T19:54:33","date_gmt":"2021-01-07T22:54:33","guid":{"rendered":"http:\/\/primiciasclorinda.com\/?p=22603"},"modified":"2021-01-07T19:54:33","modified_gmt":"2021-01-07T22:54:33","slug":"la-oms-dice-que-los-paises-mas-pobres-recibirian-vacunas-en-semanas-pero-sin-dar-precisiones","status":"publish","type":"post","link":"https:\/\/primiciasclorinda.com\/?p=22603","title":{"rendered":"La OMS dice que los pa\u00edses m\u00e1s pobres recibir\u00edan vacunas en semanas, pero sin dar precisiones"},"content":{"rendered":"<p style=\"text-align: justify;\">Las primeras dosis empezar\u00e1n a ser distribuidas a finales de enero, seg\u00fan explic\u00f3 la jefa de la secci\u00f3n de inmunizaci\u00f3n de la entidad, Kate O&#8217;Brien.<\/p>\n<p style=\"text-align: justify;\">Los pa\u00edses m\u00e1s pobres podr\u00edan empezar a recibir las primeras dosis de vacunas contra el coronavirus en semanas, inform\u00f3 este jueves escuetamente y sin especificaciones la Organizaci\u00f3n Mundial de la Salud (OMS).<\/p>\n<p style=\"text-align: justify;\">La alianza privada y p\u00fablica Covax, que organiza a nivel mundial la distribuci\u00f3n de las vacunas para intentar garantizar una distribuci\u00f3n global m\u00e1s equitativa, firm\u00f3 acuerdos para obtener hasta 2.000 millones de dosis.<\/p>\n<p style=\"text-align: justify;\">El objetivo de Covax es lograr vacunas para el 20% de la poblaci\u00f3n en cada pa\u00eds participante a finales de este a\u00f1o y que el 92% de los pa\u00edses m\u00e1s pobres vean cubiertos sus gastos de compra.<\/p>\n<p style=\"text-align: justify;\">La experta de la OMS record\u00f3 que las nuevas variaciones del virus que han aparecido en el Reino Unido y en Sud\u00e1frica no afectan en principio la efectividad de las vacunas, report\u00f3 la agencia de noticias AFP.<\/p>\n<p style=\"text-align: justify;\">El proceso de vacunaci\u00f3n ya est\u00e1 llev\u00e1ndose a cabo en algunas de las naciones m\u00e1s ricas, incluidos Estados Unidos, Reino Unido, pa\u00edses de la Uni\u00f3n Europea y Canad\u00e1, lo que provoc\u00f3 el enojo del propio papa Francisco, quien en su mensaje navide\u00f1o exigi\u00f3 de manera taxativa distribuci\u00f3n igualitaria de ant\u00eddotos.<\/p>\n","protected":false},"excerpt":{"rendered":"<div class=\"mh-excerpt\"><p>Las primeras dosis empezar\u00e1n a ser distribuidas a finales de enero, seg\u00fan explic\u00f3 la jefa de la secci\u00f3n de inmunizaci\u00f3n de la entidad, Kate O&#8217;Brien. <a class=\"mh-excerpt-more\" href=\"https:\/\/primiciasclorinda.com\/?p=22603\" title=\"La OMS dice que los pa\u00edses m\u00e1s pobres recibir\u00edan vacunas en semanas, pero sin dar precisiones\">[&#8230;]<\/a><\/p>\n<\/div>","protected":false},"author":3,"featured_media":22604,"comment_status":"open","ping_status":"open","sticky":false,"template":"","format":"standard","meta":{"footnotes":""},"categories":[4,3],"tags":[3023,231,2849],"class_list":["post-22603","post","type-post","status-publish","format-standard","has-post-thumbnail","hentry","category-informacion-general","category-politica-economia","tag-covid19","tag-oms","tag-vacunas"],"_links":{"self":[{"href":"https:\/\/primiciasclorinda.com\/index.php?rest_route=\/wp\/v2\/posts\/22603","targetHints":{"allow":["GET"]}}],"collection":[{"href":"https:\/\/primiciasclorinda.com\/index.php?rest_route=\/wp\/v2\/posts"}],"about":[{"href":"https:\/\/primiciasclorinda.com\/index.php?rest_route=\/wp\/v2\/types\/post"}],"author":[{"embeddable":true,"href":"https:\/\/primiciasclorinda.com\/index.php?rest_route=\/wp\/v2\/users\/3"}],"replies":[{"embeddable":true,"href":"https:\/\/primiciasclorinda.com\/index.php?rest_route=%2Fwp%2Fv2%2Fcomments&post=22603"}],"version-history":[{"count":1,"href":"https:\/\/primiciasclorinda.com\/index.php?rest_route=\/wp\/v2\/posts\/22603\/revisions"}],"predecessor-version":[{"id":22605,"href":"https:\/\/primiciasclorinda.com\/index.php?rest_route=\/wp\/v2\/posts\/22603\/revisions\/22605"}],"wp:featuredmedia":[{"embeddable":true,"href":"https:\/\/primiciasclorinda.com\/index.php?rest_route=\/wp\/v2\/media\/22604"}],"wp:attachment":[{"href":"https:\/\/primiciasclorinda.com\/index.php?rest_route=%2Fwp%2Fv2%2Fmedia&parent=22603"}],"wp:term":[{"taxonomy":"category","embeddable":true,"href":"https:\/\/primiciasclorinda.com\/index.php?rest_route=%2Fwp%2Fv2%2Fcategories&post=22603"},{"taxonomy":"post_tag","embeddable":true,"href":"https:\/\/primiciasclorinda.com\/index.php?rest_route=%2Fwp%2Fv2%2Ftags&post=22603"}],"curies":[{"name":"wp","href":"https:\/\/api.w.org\/{rel}","templated":true}]}}