{"id":22505,"date":"2020-12-31T08:28:39","date_gmt":"2020-12-31T11:28:39","guid":{"rendered":"http:\/\/primiciasclorinda.com\/?p=22505"},"modified":"2020-12-31T08:28:39","modified_gmt":"2020-12-31T11:28:39","slug":"gildo-insfran-anuncio-que-recibiran-el-bono-de-10-mil-los-pensionados-del-ips","status":"publish","type":"post","link":"https:\/\/primiciasclorinda.com\/?p=22505","title":{"rendered":"Gildo Insfr\u00e1n anunci\u00f3 que recibir\u00e1n el bono de $10 mil los pensionados del IPS"},"content":{"rendered":"<p style=\"text-align: justify;\">Al inaugurar varias obras en Laguna Naineck mediante videoconferencia, el gobernador de la provincia de Formosa doctor Gildo Insfr\u00e1n anunci\u00f3 que los pensionados dependientes del Instituto de Pensiones Sociales cobrar\u00e1n tambi\u00e9n el bono extraordinario de $10 mil al igual que los empleados de la administraci\u00f3n p\u00fablica provincial y de las municipalidades de la provincia de Formosa.<\/p>\n<p style=\"text-align: justify;\">\u201cCon esto, desde aqu\u00ed les doy un abrazo inmenso, dese\u00e1ndoles que el a\u00f1o que viene estemos m\u00e1s unidos que nunca, m\u00e1s fortalecidos, m\u00e1s convencidos de que lo que estamos haciendo es lo correcto. No nos dejemos enga\u00f1ar por nadie, como lo hicimos hasta ahora y que pasen una fiesta en esta nueva normalidad, cumpliendo con todas las recomendaciones del Consejo de Atenci\u00f3n Integral de la Emergencia COVID19\u201d se\u00f1al\u00f3 el primer mandatario a trav\u00e9s de la transmisi\u00f3n de la Red de Medios Audiovisuales.<\/p>\n<p style=\"text-align: justify;\">Al encabezar el acto de inauguraci\u00f3n de la plaza \u201cGeneral Jos\u00e9 de San Mart\u00edn\u201d de Laguna Naineck, Insfr\u00e1n se refiri\u00f3 a la crisis sanitaria por Coronavirus que azota al mundo entero.<\/p>\n<p style=\"text-align: justify;\">\n\u201cEn el marco de una pandemia que azota al mundo, el pa\u00eds no est\u00e1 exento, la provincia tampoco, pero gracias a las medidas sanitarias que se han tomado desde el inicio, hoy tenemos un estatus sanitario aceptable, y si bien es una hermosa noticia todos los resultados que tenemos, pero no nos podemos alegrar cuando sabemos lo que pasa en provincias hermanas, pa\u00edses vecinos, en el otro continente, que ya est\u00e1 en la segunda ola, con medidas restrictivas severas, porque ya no saben c\u00f3mo hacer para parar esta ola tan terrible que est\u00e1 ocurriendo. Tenemos que prepararnos para eso\u201d advirti\u00f3.<\/p>\n<p style=\"text-align: justify;\">Vacunaci\u00f3n<\/p>\n<p style=\"text-align: justify;\">A continuaci\u00f3n, se refiri\u00f3 a la vacunaci\u00f3n con Sputnik V que comenz\u00f3 en todo el pa\u00eds, al se\u00f1alar que \u201ces una luz de esperanza, que es el tema de la vacuna. Recibimos pocas, de acuerdo a las cantidades que recibi\u00f3 Naci\u00f3n, y que distribuy\u00f3 en forma equitativa en todo el territorio, a todas las provincias sin distinci\u00f3n de ninguna naturaleza, como se debe actuar\u201d.<\/p>\n<p style=\"text-align: justify;\">\nReconoci\u00f3 que la provincia debi\u00f3 optar qui\u00e9nes se deb\u00edan vacunar primero y se decidi\u00f3 que \u201cfue a los que est\u00e1n m\u00e1s expuestos, en la primera l\u00ednea de lucha, que son los terapistas, la gente que trabaja en la UPAC, que est\u00e1n siempre expuestos, los del Laboratorio de Biolog\u00eda Molecular del HAC, son quienes est\u00e1n manipulando el material que causa esta enfermedad\u201d.<\/p>\n<p style=\"text-align: justify;\">Y ampli\u00f3 que en Clorinda se vacunaron todos los trabajadores de salud del Hospital Arnedo, como tambi\u00e9n de todos los centros de salud y agentes de seguridad que est\u00e1n trabajando denodadamente.<\/p>\n<p style=\"text-align: justify;\">Consider\u00f3 que si bien la vacuna es una esperanza, \u201cno debemos relajarnos, debemos seguir cumpliendo fielmente todas las medidas de prevenci\u00f3n, lavado frecuente de manos, uso de barbijo, distanciamiento social, porque la pandemia no pas\u00f3\u201d.<\/p>\n<p style=\"text-align: justify;\">Dijo que llegar\u00e1n m\u00e1s partidas de vacunas en enero y febrero del a\u00f1o 2021 que permitir\u00e1n \u201cpoder vacunar a las personas con comorbilidad, con m\u00e1s problemas, y disminuir as\u00ed los \u00edndices de mortalidad que tiene el pa\u00eds y que no es para estar alegres\u201d.<\/p>\n<p style=\"text-align: justify;\">Se quej\u00f3 por el \u201ctrabajo permanente de algunos medios que incentivan ese tipo de actitudes (de no cumplimiento con los cuidados), que lo \u00fanico que se hace es poner en riesgo nada menos que la vida de un ser humano, sea compatriota o no. Esto es preocupante\u201d.<\/p>\n<p style=\"text-align: justify;\">\u201cAl pueblo formose\u00f1o quiero decirle que la mayor\u00eda no se ha sumado a esta pr\u00e9dica y ya nos demostraron un comportamiento ejemplar para el d\u00eda de navidad y nos viene demostrando su compromiso en todo este tiempo\u201d se\u00f1al\u00f3.<\/p>\n<p style=\"text-align: justify;\">Insfr\u00e1n pidi\u00f3 \u201chacer un esfuerzo m\u00e1s, aguantemos este estatus sanitario, nos permitir\u00e1 salvar vidas, porque las vacunas ya est\u00e1n, vieron esa campa\u00f1a de los medios cualquiera opinando sobre que no dan los resultados, depende a qu\u00e9 lado quieren inclinar la balanza. Todas las vacunas tienen una habilitaci\u00f3n provisoria, porque hay una etapa que no se puede esperar, algo hay que hacer, pero estas vacunas son efectivas\u201d.<\/p>\n<p style=\"text-align: justify;\">Corte Suprema<\/p>\n<p style=\"text-align: justify;\">El gobernador trajo a colaci\u00f3n el gran desaf\u00edo que enfrent\u00f3 el gobierno provincial al acatar el fallo de la Corte Suprema de Justicia de la Naci\u00f3n que exig\u00eda que en un lapso de 15 d\u00edas h\u00e1biles deb\u00edan ingresar 8.321 personas que estaban en distintas partes del pa\u00eds, y valor\u00f3 el trabajo que llevaron adelante diputados nacionales y provinciales, intendentes de la provincia, ofreciendo camas en cada localidad.<\/p>\n<p style=\"text-align: justify;\">\u201cGracias a ese acompa\u00f1amiento pudimos sostener la pol\u00edtica m\u00e1s exitosa en contra del coronavirus que es alojar a cada provinciano o no, que ingrese en nuestra provincia y hacer la cuarentena de 14 d\u00edas. Muchos de ellos dieron positivo, imag\u00ednense qu\u00e9 hubiera pasado si ingresaban y hac\u00edan una cuarentena domiciliaria\u201d reflexion\u00f3.<\/p>\n","protected":false},"excerpt":{"rendered":"<div class=\"mh-excerpt\"><p>Al inaugurar varias obras en Laguna Naineck mediante videoconferencia, el gobernador de la provincia de Formosa doctor Gildo Insfr\u00e1n anunci\u00f3 que los pensionados dependientes del <a class=\"mh-excerpt-more\" href=\"https:\/\/primiciasclorinda.com\/?p=22505\" title=\"Gildo Insfr\u00e1n anunci\u00f3 que recibir\u00e1n el bono de $10 mil los pensionados del IPS\">[&#8230;]<\/a><\/p>\n<\/div>","protected":false},"author":3,"featured_media":22506,"comment_status":"open","ping_status":"open","sticky":false,"template":"","format":"standard","meta":{"footnotes":""},"categories":[4,3],"tags":[701,18,2253],"class_list":["post-22505","post","type-post","status-publish","format-standard","has-post-thumbnail","hentry","category-informacion-general","category-politica-economia","tag-bono-de-fin-de-ano","tag-gildo-insfran","tag-ips"],"_links":{"self":[{"href":"https:\/\/primiciasclorinda.com\/index.php?rest_route=\/wp\/v2\/posts\/22505","targetHints":{"allow":["GET"]}}],"collection":[{"href":"https:\/\/primiciasclorinda.com\/index.php?rest_route=\/wp\/v2\/posts"}],"about":[{"href":"https:\/\/primiciasclorinda.com\/index.php?rest_route=\/wp\/v2\/types\/post"}],"author":[{"embeddable":true,"href":"https:\/\/primiciasclorinda.com\/index.php?rest_route=\/wp\/v2\/users\/3"}],"replies":[{"embeddable":true,"href":"https:\/\/primiciasclorinda.com\/index.php?rest_route=%2Fwp%2Fv2%2Fcomments&post=22505"}],"version-history":[{"count":1,"href":"https:\/\/primiciasclorinda.com\/index.php?rest_route=\/wp\/v2\/posts\/22505\/revisions"}],"predecessor-version":[{"id":22507,"href":"https:\/\/primiciasclorinda.com\/index.php?rest_route=\/wp\/v2\/posts\/22505\/revisions\/22507"}],"wp:featuredmedia":[{"embeddable":true,"href":"https:\/\/primiciasclorinda.com\/index.php?rest_route=\/wp\/v2\/media\/22506"}],"wp:attachment":[{"href":"https:\/\/primiciasclorinda.com\/index.php?rest_route=%2Fwp%2Fv2%2Fmedia&parent=22505"}],"wp:term":[{"taxonomy":"category","embeddable":true,"href":"https:\/\/primiciasclorinda.com\/index.php?rest_route=%2Fwp%2Fv2%2Fcategories&post=22505"},{"taxonomy":"post_tag","embeddable":true,"href":"https:\/\/primiciasclorinda.com\/index.php?rest_route=%2Fwp%2Fv2%2Ftags&post=22505"}],"curies":[{"name":"wp","href":"https:\/\/api.w.org\/{rel}","templated":true}]}}