{"id":22076,"date":"2020-11-24T20:19:37","date_gmt":"2020-11-24T23:19:37","guid":{"rendered":"http:\/\/primiciasclorinda.com\/?p=22076"},"modified":"2020-11-24T20:44:28","modified_gmt":"2020-11-24T23:44:28","slug":"un-paciente-oncologico-fallecio-en-julio-esperando-ingresar-a-formosa-cuatro-meses-despues-llego-la-autorizacion","status":"publish","type":"post","link":"https:\/\/primiciasclorinda.com\/?p=22076","title":{"rendered":"Un paciente oncol\u00f3gico falleci\u00f3 en julio esperando ingresar a Formosa, cuatro meses despu\u00e9s lleg\u00f3 la autorizaci\u00f3n"},"content":{"rendered":"<p style=\"text-align: justify;\">\u201cEs una falta de respeto para toda la familia\u201d, manifest\u00f3 el hermano del ex suboficial.<\/p>\n<p style=\"text-align: justify;\">La familia de V\u00edctor Mallorqu\u00edn, un suboficial de la polic\u00eda de Formosa que falleci\u00f3 de c\u00e1ncer en Resistencia el 3 de julio con el tr\u00e1mite en curso para regresar a la provincia, recibi\u00f3 el \u00faltimo viernes (cuatro meses despu\u00e9s) la respuesta oficial a su pedido por parte del Programa de Ingreso Ordenado y Administrado. \u00abEs una total falta de respeto\u201d, asegur\u00f3 su hermano.<\/p>\n<p style=\"text-align: justify;\">En di\u00e1logo con La Ma\u00f1ana en Vivo, su hermano Francisco Mallorqu\u00edn cont\u00f3 la dif\u00edcil situaci\u00f3n familiar que les toc\u00f3 atravesar durante la cuarentena con la enfermedad de V\u00edctor: \u201c\u00c9l viaj\u00f3 a Resistencia el 5 de mayo para realizarse las radioterapias por su problema de salud. Una vez que termin\u00f3 las 25 sesiones, el 11 de junio, solicit\u00f3 a trav\u00e9s de la p\u00e1gina del Gobierno el pedido de regreso a la provincia. Sin embargo, con historia cl\u00ednica y comprobantes exhibidos, las autoridades del Covid no autorizaron el ingreso. El 3 de julio falleci\u00f3 sin poder entrar de nuevo a reencontrarse con su familia\u00bb.<\/p>\n<p style=\"text-align: justify;\">Pero lo m\u00e1s grave, se\u00f1al\u00f3, ocurri\u00f3 este viernes, \u00abcuando recibimos al correo electr\u00f3nico la respuesta del Consejo de Atenci\u00f3n Integral a la Emergencia a su pedido, con la confirmaci\u00f3n y el turno de ingreso\u201d, describi\u00f3.<\/p>\n<p style=\"text-align: justify;\">Con indignaci\u00f3n, Francisco entendi\u00f3 que el Consejo le falt\u00f3 el respeto a su familia y sobre todo, a la memoria de su hermano. \u201cCinco meses despu\u00e9s de que falleci\u00f3 le env\u00edan la respuesta a su solicitud de ingreso, siendo que reun\u00eda todas las condiciones para que la Provincia haga una excepci\u00f3n o priorice su regreso. Con este acto que cometieron, solo demuestran lo incompetentes que son a la hora de trabajar con los varados\u201d, agreg\u00f3.<\/p>\n<p><img loading=\"lazy\" decoding=\"async\" class=\"aligncenter size-full wp-image-22077\" src=\"http:\/\/primiciasclorinda.com\/wp-content\/uploads\/2020\/11\/chat.jpeg\" alt=\"\" width=\"651\" height=\"801\" srcset=\"https:\/\/primiciasclorinda.com\/wp-content\/uploads\/2020\/11\/chat.jpeg 651w, https:\/\/primiciasclorinda.com\/wp-content\/uploads\/2020\/11\/chat-244x300.jpeg 244w\" sizes=\"auto, (max-width: 651px) 100vw, 651px\" \/><\/p>\n<p>Fuente: La Ma\u00f1ana.<\/p>\n","protected":false},"excerpt":{"rendered":"<div class=\"mh-excerpt\"><p>\u201cEs una falta de respeto para toda la familia\u201d, manifest\u00f3 el hermano del ex suboficial. La familia de V\u00edctor Mallorqu\u00edn, un suboficial de la polic\u00eda <a class=\"mh-excerpt-more\" href=\"https:\/\/primiciasclorinda.com\/?p=22076\" title=\"Un paciente oncol\u00f3gico falleci\u00f3 en julio esperando ingresar a Formosa, cuatro meses despu\u00e9s lleg\u00f3 la autorizaci\u00f3n\">[&#8230;]<\/a><\/p>\n<\/div>","protected":false},"author":3,"featured_media":22078,"comment_status":"open","ping_status":"open","sticky":false,"template":"","format":"standard","meta":{"footnotes":""},"categories":[4,3],"tags":[3403,23,3130],"class_list":["post-22076","post","type-post","status-publish","format-standard","has-post-thumbnail","hentry","category-informacion-general","category-politica-economia","tag-fallecido","tag-formosa","tag-varados"],"_links":{"self":[{"href":"https:\/\/primiciasclorinda.com\/index.php?rest_route=\/wp\/v2\/posts\/22076","targetHints":{"allow":["GET"]}}],"collection":[{"href":"https:\/\/primiciasclorinda.com\/index.php?rest_route=\/wp\/v2\/posts"}],"about":[{"href":"https:\/\/primiciasclorinda.com\/index.php?rest_route=\/wp\/v2\/types\/post"}],"author":[{"embeddable":true,"href":"https:\/\/primiciasclorinda.com\/index.php?rest_route=\/wp\/v2\/users\/3"}],"replies":[{"embeddable":true,"href":"https:\/\/primiciasclorinda.com\/index.php?rest_route=%2Fwp%2Fv2%2Fcomments&post=22076"}],"version-history":[{"count":1,"href":"https:\/\/primiciasclorinda.com\/index.php?rest_route=\/wp\/v2\/posts\/22076\/revisions"}],"predecessor-version":[{"id":22079,"href":"https:\/\/primiciasclorinda.com\/index.php?rest_route=\/wp\/v2\/posts\/22076\/revisions\/22079"}],"wp:featuredmedia":[{"embeddable":true,"href":"https:\/\/primiciasclorinda.com\/index.php?rest_route=\/wp\/v2\/media\/22078"}],"wp:attachment":[{"href":"https:\/\/primiciasclorinda.com\/index.php?rest_route=%2Fwp%2Fv2%2Fmedia&parent=22076"}],"wp:term":[{"taxonomy":"category","embeddable":true,"href":"https:\/\/primiciasclorinda.com\/index.php?rest_route=%2Fwp%2Fv2%2Fcategories&post=22076"},{"taxonomy":"post_tag","embeddable":true,"href":"https:\/\/primiciasclorinda.com\/index.php?rest_route=%2Fwp%2Fv2%2Ftags&post=22076"}],"curies":[{"name":"wp","href":"https:\/\/api.w.org\/{rel}","templated":true}]}}