{"id":22068,"date":"2020-11-22T15:41:17","date_gmt":"2020-11-22T18:41:17","guid":{"rendered":"http:\/\/primiciasclorinda.com\/?p=22068"},"modified":"2020-11-23T09:42:57","modified_gmt":"2020-11-23T12:42:57","slug":"coronavirus-tres-nuevos-casos-positivos-en-clorinda","status":"publish","type":"post","link":"https:\/\/primiciasclorinda.com\/?p=22068","title":{"rendered":"Coronavirus: tres nuevos casos positivos en Clorinda"},"content":{"rendered":"<p style=\"text-align: justify;\">En las \u00faltimas 24 horas se realizaron 244 test de vigilancia y b\u00fasqueda activa de casos, arrojando 3 de ellos resultados positivos a coronavirus, todos ellos diagnosticados en la ciudad de Clorinda, inform\u00f3 el Consejo de Atenci\u00f3n Integral de la Emergencia COVID-19, en el parte informativo del domingo 22 de noviembre. Un joven de 23 a\u00f1os, recibir\u00e1 su alta del hospital.<\/p>\n<p style=\"text-align: justify;\">El primer caso, es un hombre de 36 a\u00f1os de Clorinda, que fue hisopado en el marco del operativo de b\u00fasqueda activa de casos en la zona comercial del centro de dicha ciudad, donde esta persona tiene su local comercial.<br \/>\nAnte el diagn\u00f3stico, el paciente fue trasladado e internado en el Hospital Interdistrital de la Contingencia COVID-19.<\/p>\n<p style=\"text-align: justify;\">Los dos casos positivos restantes del domingo se tratan de mujeres de 36 y 57 a\u00f1os de edad, que fueron detectadas por la Polic\u00eda Provincial en la zona de la barrera de Clorinda al momento en que ingresaban de manera irregular a nuestro territorio desde la Rep\u00fablica del Paraguay.<br \/>\nEstas personas fueron aisladas e hisopadas, arrojando resultados positivos a coronavirus.<\/p>\n<p style=\"text-align: justify;\">Al ser notificadas de las medidas sanitarias vigentes en Formosa de internaci\u00f3n a\u00fan para los casos positivos asintom\u00e1ticos, ambas personas tomaron la decisi\u00f3n voluntaria de regresar a su pa\u00eds, siendo acompa\u00f1adas por la polic\u00eda local hasta el l\u00edmite internacional.<\/p>\n<p style=\"text-align: justify;\">Alta m\u00e9dica<\/p>\n<p style=\"text-align: justify;\">Este domingo se dar\u00e1 de alta m\u00e9dica del Hospital Interdistrital de la Contingencia COVID-19 a un paciente, var\u00f3n de 23 a\u00f1os, quien habiendo cumplido el periodo cl\u00ednico de la infecci\u00f3n, ha obtenido 2 resultados negativos consecutivos de PCR con tres d\u00edas de diferencia. Por ende, no constituye riesgo alguno para sus familiares ni para la comunidad.<\/p>\n<p style=\"text-align: justify;\">Datos provinciales<\/p>\n<p style=\"text-align: justify;\">Hasta el 22 de noviembre, la provincia de Formosa diagnostic\u00f3 210 casos, de los cuales 161 ya se recuperaron. Permanecen activos 26. Una persona falleci\u00f3 a causa de coronavirus en la provincia.<\/p>\n<p style=\"text-align: justify;\">Adem\u00e1s, se reportaron 22 casos en tr\u00e1nsito con egreso de la provincia: 22 y hasta el momento los m\u00e9dicos realizaron 24.437 test (0,86% de positividad).<\/p>\n<p style=\"text-align: justify;\">En cuanto a la situaci\u00f3n de Clorinda, que permanece con bloqueo sanitario, fueron diagnosticados 59 casos en total, 12 de ellos activos y 58 personas en cuarentena.<\/p>\n<p style=\"text-align: justify;\">Adem\u00e1s, el Consejo inform\u00f3 los n\u00fameros de las \u00faltimas 24 horas relativos a la tarea preventiva que lleva adelante la polic\u00eda en toda la provincia son los siguientes. Se registr\u00f3 el ingreso de 568 camiones de carga, fueron controladas 10.118 personas y 7.089 veh\u00edculos en la v\u00eda p\u00fablica. Adem\u00e1s, se labraron infracciones a 164 veh\u00edculos por restricci\u00f3n de circulaci\u00f3n y patente; y a 541 personas por restricci\u00f3n de circulaci\u00f3n y no uso de barbijo.<\/p>\n<p style=\"text-align: justify;\">La fuerza intervenido en 26 fiestas privadas, y detect\u00f3 dos nuevos ingresos irregulares a la provincia, que ya tienen intervenci\u00f3n de la Justicia.<\/p>\n<p style=\"text-align: justify;\">Fiscalizaci\u00f3n<\/p>\n<p style=\"text-align: justify;\">La Subsecretar\u00eda de Defensa al Consumidor y Usuario inform\u00f3 que en la semana fueron fiscalizados 111 comercios, labr\u00e1ndose 80 actas de infracci\u00f3n, con secuestro y destrucci\u00f3n de 487 kilogramos de mercader\u00eda vencida y 2 clausuras preventivas.<\/p>\n<p style=\"text-align: justify;\">Formulario disponible<\/p>\n<p style=\"text-align: justify;\">Adem\u00e1s, el Consejo inform\u00f3 que ya se encuentra disponible en la p\u00e1gina oficial el formulario para inscribirse al Programa \u201cMilitantes de la salud y la vida\u201d, que brinda la posibilidad a cada ciudadano de ser protagonista de la \u201cgesta a la que fuimos convocados por el Gobernador de la Provincia para enfrentar la pandemia como pueblo unido, organizado y solidario, colaborando en las distintas pol\u00edticas y acciones que se despliegan para proteger la salud y la vida de los 640.000 formose\u00f1os y formose\u00f1as\u201d.<\/p>\n<p style=\"text-align: justify;\">Gratuidad en la educaci\u00f3n universitaria<\/p>\n<p style=\"text-align: justify;\">Asimismo se recordaron los 71\u00ba a\u00f1os de la decisi\u00f3n pol\u00edtica del Presidente Juan Domingo Per\u00f3n de establecer la gratuidad en la educaci\u00f3n universitaria en 1949.<\/p>\n<p style=\"text-align: justify;\">\u201cEsta decisi\u00f3n signific\u00f3 que por primera vez en la historia argentina los hijos de los obreros y de la clase media pudieran acceder a las Universidades, posibilitando la igualdad de oportunidades, la movilidad social ascendente y, en definitiva, hacer concreta la justicia social en el \u00e1mbito educativo. Este legado del peronismo, que permiti\u00f3 a millones de hombres y mujeres acceder al m\u00e1ximo nivel educativo del pa\u00eds, nos marca el rumbo ideol\u00f3gico y pol\u00edtico que debemos transitar para construir una Argentina m\u00e1s justa, libre y soberana\u201d subray\u00f3 el organismo.<\/p>\n<p style=\"text-align: justify;\">Art\u00edculo anterior<br \/>\nYa se puede inscribir como voluntario para colaborar con el Ingreso Ordenado y Administrado a la Provincia de Formosa<\/p>\n","protected":false},"excerpt":{"rendered":"<div class=\"mh-excerpt\"><p>En las \u00faltimas 24 horas se realizaron 244 test de vigilancia y b\u00fasqueda activa de casos, arrojando 3 de ellos resultados positivos a coronavirus, todos <a class=\"mh-excerpt-more\" href=\"https:\/\/primiciasclorinda.com\/?p=22068\" title=\"Coronavirus: tres nuevos casos positivos en Clorinda\">[&#8230;]<\/a><\/p>\n<\/div>","protected":false},"author":3,"featured_media":22069,"comment_status":"open","ping_status":"open","sticky":false,"template":"","format":"standard","meta":{"footnotes":""},"categories":[4,3],"tags":[26,3023],"class_list":["post-22068","post","type-post","status-publish","format-standard","has-post-thumbnail","hentry","category-informacion-general","category-politica-economia","tag-clorinda","tag-covid19"],"_links":{"self":[{"href":"https:\/\/primiciasclorinda.com\/index.php?rest_route=\/wp\/v2\/posts\/22068","targetHints":{"allow":["GET"]}}],"collection":[{"href":"https:\/\/primiciasclorinda.com\/index.php?rest_route=\/wp\/v2\/posts"}],"about":[{"href":"https:\/\/primiciasclorinda.com\/index.php?rest_route=\/wp\/v2\/types\/post"}],"author":[{"embeddable":true,"href":"https:\/\/primiciasclorinda.com\/index.php?rest_route=\/wp\/v2\/users\/3"}],"replies":[{"embeddable":true,"href":"https:\/\/primiciasclorinda.com\/index.php?rest_route=%2Fwp%2Fv2%2Fcomments&post=22068"}],"version-history":[{"count":1,"href":"https:\/\/primiciasclorinda.com\/index.php?rest_route=\/wp\/v2\/posts\/22068\/revisions"}],"predecessor-version":[{"id":22070,"href":"https:\/\/primiciasclorinda.com\/index.php?rest_route=\/wp\/v2\/posts\/22068\/revisions\/22070"}],"wp:featuredmedia":[{"embeddable":true,"href":"https:\/\/primiciasclorinda.com\/index.php?rest_route=\/wp\/v2\/media\/22069"}],"wp:attachment":[{"href":"https:\/\/primiciasclorinda.com\/index.php?rest_route=%2Fwp%2Fv2%2Fmedia&parent=22068"}],"wp:term":[{"taxonomy":"category","embeddable":true,"href":"https:\/\/primiciasclorinda.com\/index.php?rest_route=%2Fwp%2Fv2%2Fcategories&post=22068"},{"taxonomy":"post_tag","embeddable":true,"href":"https:\/\/primiciasclorinda.com\/index.php?rest_route=%2Fwp%2Fv2%2Ftags&post=22068"}],"curies":[{"name":"wp","href":"https:\/\/api.w.org\/{rel}","templated":true}]}}