{"id":22060,"date":"2020-11-23T09:11:01","date_gmt":"2020-11-23T12:11:01","guid":{"rendered":"http:\/\/primiciasclorinda.com\/?p=22060"},"modified":"2020-11-23T09:11:01","modified_gmt":"2020-11-23T12:11:01","slug":"milito-renuncio-a-la-secretaria-tecnica-de-racing","status":"publish","type":"post","link":"https:\/\/primiciasclorinda.com\/?p=22060","title":{"rendered":"Milito renunci\u00f3 a la Secretar\u00eda T\u00e9cnica de Racing"},"content":{"rendered":"<p style=\"text-align: justify;\">En un video publicado en su cuenta de Instagram, el dirigente y exjugador asumi\u00f3 que no fue \u00abcapaz de convencer\u00bb a la dirigencia para lograr \u00abla profesionalizaci\u00f3n de un \u00e1rea fundamental como la deportiva\u00bb.<\/p>\n<p style=\"text-align: justify;\">Diego Milito renunci\u00f3 este domingo a la Secretar\u00eda T\u00e9cnica de Racing Club por diferencias con el presidente de la instituci\u00f3n, V\u00edctor Blanco, relacionadas con \u00abel modelo y las ideas\u00bb para llevar adelante la gesti\u00f3n.<\/p>\n<p style=\"text-align: justify;\">\u00abSiento que no he sido escuchado y por eso le dejo el espacio para que pueda seguir con sus ideas. Por otro lado, quiero aclarar que esto no es de ahora, viene de hace un tiempo y lo he hablado en reiteradas oportunidades con \u00e9l\u00bb, aclar\u00f3 el \u00abPr\u00edncipe\u00bb, de 41 a\u00f1os.<\/p>\n<p style=\"text-align: justify;\">\u00abNo comparto el modelo y las ideas del club del presidente. Seguramente a algunos les sonar\u00e1 fuerte, pero no es as\u00ed. No tengo nada personal en contra de V\u00edctor, al cual respeto y entiendo que deja todo por la instituci\u00f3n\u00bb, a\u00f1adi\u00f3 el exdelantero, que asumi\u00f3 el cargo en diciembre de 2017.<\/p>\n<p style=\"text-align: justify;\">\u00abSimplemente elige un modelo diferente, el cu\u00e1l no comparto\u00bb, sigui\u00f3 sobre el presidente de la instituci\u00f3n de Avellaneda.<\/p>\n<p style=\"text-align: justify;\">\u00abTiene la potestad (V\u00edctor Blanco) como m\u00e1xima autoridad, de elegir las pol\u00edticas y los lineamientos hacia donde quiere llevar al club y eso lo respeto a rajatabla porque es el presidente elegido por los socios\u00bb, continu\u00f3.<\/p>\n<p style=\"text-align: justify;\">\u00abQuiero aclarar que esto no es de ahora y viene de hace un tiempo y lo he hablado reiteradas veces con \u00e9l\u00bb, explic\u00f3 uno de los m\u00e1ximos \u00eddolos de la historia del club.<\/p>\n<p style=\"text-align: justify;\">\u00abMe involucr\u00e9 hace tres a\u00f1os para tratar de persuadir y mostrar un camino diferente: el de la profesionalizaci\u00f3n de un \u00e1rea tan importante como la deportiva\u00bb, dijo en referencia a su rol como ex secretario t\u00e9cnico.<\/p>\n<p style=\"text-align: justify;\">\u00abCreo que ha sido exitoso. Con errores y virtudes, los resultados est\u00e1n a la vista\u00bb, coment\u00f3 sobre los dos t\u00edtulos que consigui\u00f3 como directivo: la Superliga 2018\/19 y el Trofeo de Campeones 2019.<\/p>\n<p style=\"text-align: justify;\">No comparto el modelo y las ideas del club del presidente. Seguramente a algunos les sonar\u00e1 fuerte, pero no es as\u00ed. No tengo nada personal en contra de V\u00edctor, al cual respeto y entiendo que deja todo por la instituci\u00f3n.<\/p>\n<p style=\"text-align: justify;\">\u00abTambi\u00e9n escuch\u00e9 que se dijo que ped\u00ed que se echen a un par de dirigentes, lo cu\u00e1l es falso. No tengo la potestad para hacerlo\u00bb, coment\u00f3 sobre su relaci\u00f3n con los directivos Adri\u00e1n \u00abOso\u00bb Fern\u00e1ndez y Roberto Torres.<\/p>\n<p style=\"text-align: justify;\">\u00abSiempre he dicho que los nombres propios no son importantes. Los nombres pasan y lo importante siempre ser\u00e1 el club. El escudo por delante de los intereses personales. No hay manager, director t\u00e9cnico ni presidente que sea m\u00e1s importante que Racing\u00bb, enfatiz\u00f3.<\/p>\n<p style=\"text-align: justify;\">\u00abM\u00ed idea era terminar con la pol\u00edtica que tuvo Racing en la d\u00e9cada de los 90, lo cu\u00e1l padec\u00ed. Yo pretendo otro club, el de evoluci\u00f3n, tecnolog\u00eda, equipos de trabajo y de la mejora en infraestructura\u00bb, agreg\u00f3.<\/p>\n<p style=\"text-align: justify;\">\u00abLes pido que no tomemos partido ni hagamos quilombo en este momento. Hay que seguir apoyando a este cuerpo t\u00e9cnico\u00bb, concluy\u00f3 Diego Milito.<\/p>\n<p style=\"text-align: justify;\">Milito, adem\u00e1s de su rol como dirigente, fue part\u00edcipe de los \u00faltimos dos t\u00edtulos de Racing en el f\u00fatbol argentino: dos campeonatos como jugador (2001 y 2014 -siendo capit\u00e1n-).<\/p>\n<p style=\"text-align: justify;\">La renuncia del secretario t\u00e9cnico se produce a dos d\u00edas del inicio de la eliminatorias con Flamengo de Brasil por los octavos de final de la Copa Libertadores.<\/p>\n<p style=\"text-align: justify;\">La reacci\u00f3n de los hinchas racinguistas se produjo inmediatamente, aunque como consecuencia de los rumores al respecto que corrieron en la semana, por lo que se autoconvocaron a trav\u00e9s de las redes sociales para agruparse frente a la sede social del club con el objetivo de pedir por la continuidad de Milito en el cargo.<\/p>\n<p style=\"text-align: justify;\">Los hinchas que se hab\u00edan \u00abcitado\u00bb para las 15, fueron llegando conforme transcurr\u00eda la tarde y desarrollaron un \u00abbanderazo\u00bb de apoyo al \u00abPr\u00edncipe\u00bb con un c\u00e1ntico simb\u00f3lico que hac\u00eda recordar a sus buenos-viejos tiempos de futbolista: \u00abMilito no se va, Milito no se va\u00bb. Pero finalmente Milito se fue.<\/p>\n","protected":false},"excerpt":{"rendered":"<div class=\"mh-excerpt\"><p>En un video publicado en su cuenta de Instagram, el dirigente y exjugador asumi\u00f3 que no fue \u00abcapaz de convencer\u00bb a la dirigencia para lograr <a class=\"mh-excerpt-more\" href=\"https:\/\/primiciasclorinda.com\/?p=22060\" title=\"Milito renunci\u00f3 a la Secretar\u00eda T\u00e9cnica de Racing\">[&#8230;]<\/a><\/p>\n<\/div>","protected":false},"author":3,"featured_media":22061,"comment_status":"open","ping_status":"open","sticky":false,"template":"","format":"standard","meta":{"footnotes":""},"categories":[5],"tags":[487,271],"class_list":["post-22060","post","type-post","status-publish","format-standard","has-post-thumbnail","hentry","category-deportes","tag-diego-milito","tag-racing-club"],"_links":{"self":[{"href":"https:\/\/primiciasclorinda.com\/index.php?rest_route=\/wp\/v2\/posts\/22060","targetHints":{"allow":["GET"]}}],"collection":[{"href":"https:\/\/primiciasclorinda.com\/index.php?rest_route=\/wp\/v2\/posts"}],"about":[{"href":"https:\/\/primiciasclorinda.com\/index.php?rest_route=\/wp\/v2\/types\/post"}],"author":[{"embeddable":true,"href":"https:\/\/primiciasclorinda.com\/index.php?rest_route=\/wp\/v2\/users\/3"}],"replies":[{"embeddable":true,"href":"https:\/\/primiciasclorinda.com\/index.php?rest_route=%2Fwp%2Fv2%2Fcomments&post=22060"}],"version-history":[{"count":1,"href":"https:\/\/primiciasclorinda.com\/index.php?rest_route=\/wp\/v2\/posts\/22060\/revisions"}],"predecessor-version":[{"id":22062,"href":"https:\/\/primiciasclorinda.com\/index.php?rest_route=\/wp\/v2\/posts\/22060\/revisions\/22062"}],"wp:featuredmedia":[{"embeddable":true,"href":"https:\/\/primiciasclorinda.com\/index.php?rest_route=\/wp\/v2\/media\/22061"}],"wp:attachment":[{"href":"https:\/\/primiciasclorinda.com\/index.php?rest_route=%2Fwp%2Fv2%2Fmedia&parent=22060"}],"wp:term":[{"taxonomy":"category","embeddable":true,"href":"https:\/\/primiciasclorinda.com\/index.php?rest_route=%2Fwp%2Fv2%2Fcategories&post=22060"},{"taxonomy":"post_tag","embeddable":true,"href":"https:\/\/primiciasclorinda.com\/index.php?rest_route=%2Fwp%2Fv2%2Ftags&post=22060"}],"curies":[{"name":"wp","href":"https:\/\/api.w.org\/{rel}","templated":true}]}}