{"id":21971,"date":"2020-11-17T06:41:40","date_gmt":"2020-11-17T09:41:40","guid":{"rendered":"http:\/\/primiciasclorinda.com\/?p=21971"},"modified":"2020-11-17T06:42:14","modified_gmt":"2020-11-17T09:42:14","slug":"hcd-aprobaron-aumento-del-5-y-adicionales-especiales","status":"publish","type":"post","link":"https:\/\/primiciasclorinda.com\/?p=21971","title":{"rendered":"HCD: aprobaron aumento del 5% y adicionales especiales"},"content":{"rendered":"<p style=\"text-align: justify;\">Anoche durante la sesi\u00f3n mixta presidida por el Concejal, Ariel Caniza, los concejales del Honorable Concejo Deliberante de Clorinda aprobaron un aumento de un 5% para los empleados municipales que tuvo voto un\u00e1nime, entre otros proyectos de ordenanzas.<\/p>\n<p style=\"text-align: justify;\">Al comenzar la sesi\u00f3n ordinaria, el Concejal Isaac Villamayor solicit\u00f3 la modificaci\u00f3n del sumario del d\u00eda con la incorporaci\u00f3n de tres expedientes y el tratamiento sobre tabla, entre lo que se destaca la adhesi\u00f3n de la municipalidad al decreto del poder ejecutivo provincial acerca de otorgar un aumento del 5 % a los empleados municipales de Clorinda.<\/p>\n<p style=\"text-align: justify;\">El presidente del HCD, Concejal Ariel Caniza, explic\u00f3 c\u00f3mo se va aplicar los aumentos para los empleados municipales en las diferentes categor\u00edas desde la 19 a la 24, y el impacto que implica a favor del bolsillo del empleado municipal, tanto del ejecutivo como el legislativo, destacando esta recomposici\u00f3n salarial para ambos poderes, aclarando que este 5% tambi\u00e9n va tener un impacto las asignaciones y otros \u00edtems.<\/p>\n<p style=\"text-align: justify;\">El proyecto aprobado dice: otorgar un aumento del 5% en los ingreso mensuales municipales al 1 de Noviembre del a\u00f1o en curso al personal permanente, temporario y autoridades superiores de pendiente de la unidades uno HCD, y unidad dos conducci\u00f3n del ejecutivo de la municipalidad de Clorinda , y que dicha iniciativa propuesta por el jefe comunal y de la presidencia del alto cuerpo, se efect\u00faa en consonancia con la decisi\u00f3n adoptada por el Gobernador de la Provincia, Dr. Gildo Insfr\u00e1n , quien estableci\u00f3 un aumento salarial a todos los empleados provinciales y beneficiarios de la caja de provisi\u00f3n social. Proyecto que fue aprobado por los 9 concejales.<\/p>\n<p style=\"text-align: justify;\">Por otra parte de la Comisi\u00f3n Interna Permanente n\u00famero 1 \u00abde Legislaci\u00f3n, Presupuesto, Hacienda y Cuentas , tuvo un despacho favorable de un proyecto relacionado a la aprobaci\u00f3n de un Proyecto de Ordenanza referido a la Adhesi\u00f3n por parte de la Municipalidad de Clorinda a la Ley Provincial n\u00famero 1. 180 y sus Decretos Reglamentarios, siendo aprobado por mayor\u00eda.<\/p>\n<p style=\"text-align: justify;\">Desde la misma comisi\u00f3n fue remitido el expediente relacionado a la aprobaci\u00f3n de un Proyecto de Ordenanza referido al \u00abCuidado Responsable de Mascotas y Reglamento de tenencia de perros potencialmente peligrosos\u00bb, la presenta ordenanza tiene por objeto establecer normas destinadas a determinar derechos y obligaciones de los propietarios , poseedores y tenedores de animales de compa\u00f1\u00eda , como as\u00ed tambi\u00e9n proteger la salud y el bienestar animal , mediante la tenencia responsable , proteger la salud p\u00fablica, la seguridad de las personas y el medio ambiente , aplicando las medidas para el control poblacional de las mascotas, entre otros puntos que se dio lectura durante la sesi\u00f3n y que tendr\u00e1 multas por incumpliendo del reglamento .<\/p>\n<p style=\"text-align: justify;\">Por otra parte de la Comisi\u00f3n Interna Permanente n\u00famero 2 \u00abObras P\u00fablicas, Seguridad, Abastecimiento, Salud Publica y Asuntos Sociales, remiti\u00f3 un expediente relacionado a Proyecto de Resoluci\u00f3n derivando al archivo del HCD dicho expediente, relacionado a una solicitud de la Comisi\u00f3n vecinal \u00abZona Sur del barrio 25 de mayo\u00bb de autorizar a la Empresa SPAP a realizar instalaciones pertinentes en dichos asentamiento.<\/p>\n<p style=\"text-align: justify;\">Y por \u00faltimo de la Comisi\u00f3n Mixta n\u00famero 1, 2 y 4 , enviaron el expediente relacionado a Proyecto de Declaraci\u00f3n de Inter\u00e9s Municipal referido a la realizaci\u00f3n de los cursos de Capacitaci\u00f3n en funci\u00f3n a la Ley Micaela, ambos proyectos aprobados.<\/p>\n","protected":false},"excerpt":{"rendered":"<div class=\"mh-excerpt\"><p>Anoche durante la sesi\u00f3n mixta presidida por el Concejal, Ariel Caniza, los concejales del Honorable Concejo Deliberante de Clorinda aprobaron un aumento de un 5% <a class=\"mh-excerpt-more\" href=\"https:\/\/primiciasclorinda.com\/?p=21971\" title=\"HCD: aprobaron aumento del 5% y adicionales especiales\">[&#8230;]<\/a><\/p>\n<\/div>","protected":false},"author":3,"featured_media":21972,"comment_status":"open","ping_status":"open","sticky":false,"template":"","format":"standard","meta":{"footnotes":""},"categories":[4],"tags":[],"class_list":["post-21971","post","type-post","status-publish","format-standard","has-post-thumbnail","hentry","category-informacion-general"],"_links":{"self":[{"href":"https:\/\/primiciasclorinda.com\/index.php?rest_route=\/wp\/v2\/posts\/21971","targetHints":{"allow":["GET"]}}],"collection":[{"href":"https:\/\/primiciasclorinda.com\/index.php?rest_route=\/wp\/v2\/posts"}],"about":[{"href":"https:\/\/primiciasclorinda.com\/index.php?rest_route=\/wp\/v2\/types\/post"}],"author":[{"embeddable":true,"href":"https:\/\/primiciasclorinda.com\/index.php?rest_route=\/wp\/v2\/users\/3"}],"replies":[{"embeddable":true,"href":"https:\/\/primiciasclorinda.com\/index.php?rest_route=%2Fwp%2Fv2%2Fcomments&post=21971"}],"version-history":[{"count":2,"href":"https:\/\/primiciasclorinda.com\/index.php?rest_route=\/wp\/v2\/posts\/21971\/revisions"}],"predecessor-version":[{"id":21975,"href":"https:\/\/primiciasclorinda.com\/index.php?rest_route=\/wp\/v2\/posts\/21971\/revisions\/21975"}],"wp:featuredmedia":[{"embeddable":true,"href":"https:\/\/primiciasclorinda.com\/index.php?rest_route=\/wp\/v2\/media\/21972"}],"wp:attachment":[{"href":"https:\/\/primiciasclorinda.com\/index.php?rest_route=%2Fwp%2Fv2%2Fmedia&parent=21971"}],"wp:term":[{"taxonomy":"category","embeddable":true,"href":"https:\/\/primiciasclorinda.com\/index.php?rest_route=%2Fwp%2Fv2%2Fcategories&post=21971"},{"taxonomy":"post_tag","embeddable":true,"href":"https:\/\/primiciasclorinda.com\/index.php?rest_route=%2Fwp%2Fv2%2Ftags&post=21971"}],"curies":[{"name":"wp","href":"https:\/\/api.w.org\/{rel}","templated":true}]}}