{"id":21945,"date":"2020-11-15T19:26:00","date_gmt":"2020-11-15T22:26:00","guid":{"rendered":"http:\/\/primiciasclorinda.com\/?p=21945"},"modified":"2020-11-15T19:28:00","modified_gmt":"2020-11-15T22:28:00","slug":"covid19-otro-dia-sin-casos-positivos-en-clorinda-y-van","status":"publish","type":"post","link":"https:\/\/primiciasclorinda.com\/?p=21945","title":{"rendered":"Covid-19: otro d\u00eda sin casos positivos en Clorinda y van&#8230;"},"content":{"rendered":"<p style=\"text-align: justify;\">El Consejo de Atenci\u00f3n de la Emergencia Covid19 inform\u00f3 hoy que en Clorinda no hubo nuevos casos de Coronavirus, esto tambi\u00e9n se dio en el d\u00eda de ayer y en d\u00edas anteriores. Finalmente hubo un caso a nivel provincial.<\/p>\n<p style=\"text-align: justify;\">Se trata de una mujer de 44 a\u00f1os con domicilio y residencia en Salta, que ingres\u00f3 irregularmente por un paso no habilitado desde esa provincia, fue detectada por la polic\u00eda y aislada en un centro preventivo, su hisopado dio positivo. Ya se encuentra en el Hospital Evita.<\/p>\n<p style=\"text-align: justify;\"><strong>Datos acumulados<\/strong><br \/>\nLos datos acumulados de la provincia al d\u00eda de hoy son los siguientes:<\/p>\n<p style=\"text-align: justify;\">\u2022 Total diagnosticados: 195<\/p>\n<p style=\"text-align: justify;\">\u2022 Total recuperados: 155<\/p>\n<p style=\"text-align: justify;\">\u2022 Casos activos: 19<\/p>\n<p style=\"text-align: justify;\">\u2022 Fallecimientos por coronavirus: 1<\/p>\n<p style=\"text-align: justify;\">\u2022 Casos en tr\u00e1nsito con egreso de la provincia: 20<\/p>\n<p style=\"text-align: justify;\"><strong>Bloqueo en Clorinda<\/strong><\/p>\n<p style=\"text-align: justify;\">Con relaci\u00f3n a la situaci\u00f3n de la ciudad con bloqueo sanitario vigente, los datos actuales son los siguientes:<\/p>\n<p style=\"text-align: justify;\">Casos diagnosticados: 49<br \/>\nCasos activos: 8<br \/>\nCasos diagnosticados: 2 en julio; 7 en agosto; 10 en septiembre; 22 en octubre: 8 en noviembre.<br \/>\nPersonas en cuarentena de Clorinda: 47.<\/p>\n","protected":false},"excerpt":{"rendered":"<div class=\"mh-excerpt\"><p>El Consejo de Atenci\u00f3n de la Emergencia Covid19 inform\u00f3 hoy que en Clorinda no hubo nuevos casos de Coronavirus, esto tambi\u00e9n se dio en el <a class=\"mh-excerpt-more\" href=\"https:\/\/primiciasclorinda.com\/?p=21945\" title=\"Covid-19: otro d\u00eda sin casos positivos en Clorinda y van&#8230;\">[&#8230;]<\/a><\/p>\n<\/div>","protected":false},"author":3,"featured_media":21946,"comment_status":"open","ping_status":"open","sticky":false,"template":"","format":"standard","meta":{"footnotes":""},"categories":[4,3],"tags":[26,2870,3023],"class_list":["post-21945","post","type-post","status-publish","format-standard","has-post-thumbnail","hentry","category-informacion-general","category-politica-economia","tag-clorinda","tag-coronavirus","tag-covid19"],"_links":{"self":[{"href":"https:\/\/primiciasclorinda.com\/index.php?rest_route=\/wp\/v2\/posts\/21945","targetHints":{"allow":["GET"]}}],"collection":[{"href":"https:\/\/primiciasclorinda.com\/index.php?rest_route=\/wp\/v2\/posts"}],"about":[{"href":"https:\/\/primiciasclorinda.com\/index.php?rest_route=\/wp\/v2\/types\/post"}],"author":[{"embeddable":true,"href":"https:\/\/primiciasclorinda.com\/index.php?rest_route=\/wp\/v2\/users\/3"}],"replies":[{"embeddable":true,"href":"https:\/\/primiciasclorinda.com\/index.php?rest_route=%2Fwp%2Fv2%2Fcomments&post=21945"}],"version-history":[{"count":2,"href":"https:\/\/primiciasclorinda.com\/index.php?rest_route=\/wp\/v2\/posts\/21945\/revisions"}],"predecessor-version":[{"id":21948,"href":"https:\/\/primiciasclorinda.com\/index.php?rest_route=\/wp\/v2\/posts\/21945\/revisions\/21948"}],"wp:featuredmedia":[{"embeddable":true,"href":"https:\/\/primiciasclorinda.com\/index.php?rest_route=\/wp\/v2\/media\/21946"}],"wp:attachment":[{"href":"https:\/\/primiciasclorinda.com\/index.php?rest_route=%2Fwp%2Fv2%2Fmedia&parent=21945"}],"wp:term":[{"taxonomy":"category","embeddable":true,"href":"https:\/\/primiciasclorinda.com\/index.php?rest_route=%2Fwp%2Fv2%2Fcategories&post=21945"},{"taxonomy":"post_tag","embeddable":true,"href":"https:\/\/primiciasclorinda.com\/index.php?rest_route=%2Fwp%2Fv2%2Ftags&post=21945"}],"curies":[{"name":"wp","href":"https:\/\/api.w.org\/{rel}","templated":true}]}}