{"id":21890,"date":"2020-11-11T08:53:21","date_gmt":"2020-11-11T11:53:21","guid":{"rendered":"http:\/\/primiciasclorinda.com\/?p=21890"},"modified":"2020-11-11T08:54:50","modified_gmt":"2020-11-11T11:54:50","slug":"cruzo-a-nado-el-bermejo-y-luego-se-entrego-en-la-comisaria-de-mansilla","status":"publish","type":"post","link":"https:\/\/primiciasclorinda.com\/?p=21890","title":{"rendered":"Cruz\u00f3 a nado el Bermejo y luego se entreg\u00f3 en la Comisar\u00eda de Mansilla"},"content":{"rendered":"<p style=\"text-align: justify;\">Un joven cruz\u00f3 a nado el r\u00edo Bermejo hasta la localidad de Lucio V. Mansilla y una vez dentro del territorio formose\u00f1o fue a la Comisar\u00eda del pueblo y se entreg\u00f3 a la Polic\u00eda, confesando la manera en que hab\u00eda ingresado a Formosa.<\/p>\n<p style=\"text-align: justify;\">Ocurri\u00f3 el lunes a la noche y tuvo como protagonista a un hombre de 24 a\u00f1os que tras caminar r\u00edo abajo del puente interprovincial Chaco-Formosa improvis\u00f3 una balsa de madera para posteriormente pasar nadando a territorio provincial. Luego fue a la Comisar\u00eda sin tener contacto con terceras personas y cont\u00f3 lo sucedido.<\/p>\n<p style=\"text-align: justify;\">Alrededor de las 20.30 ingres\u00f3 a la dependencia y les dijo a los polic\u00edas de guardia que hace varias semanas se encontraba varado en la localidad chaque\u00f1a de Puerto Eva Per\u00f3n, raz\u00f3n por la cual tom\u00f3 la decisi\u00f3n de cruzar el r\u00edo a territorio formose\u00f1o de manera irregular.<\/p>\n<p style=\"text-align: justify;\">Tras escuchar el relato, los polic\u00edas activaron el protocolo de seguridad sanitaria, aislaron al hombre y procedieron a su arresto con todos los elementos de bioseguridad.<\/p>\n<p style=\"text-align: justify;\">Luego fue notificado de su situaci\u00f3n legal tras quedar imputado en una causa judicial.<\/p>\n<p style=\"text-align: justify;\">Adem\u00e1s, le realizaron el hisopado correspondiente y deber\u00e1 cumplir la cuarentena obligatoria con los debidos controles peri\u00f3dicos.<\/p>\n<p style=\"text-align: justify;\">Fuente: La Ma\u00f1ana.<\/p>\n","protected":false},"excerpt":{"rendered":"<div class=\"mh-excerpt\"><p>Un joven cruz\u00f3 a nado el r\u00edo Bermejo hasta la localidad de Lucio V. Mansilla y una vez dentro del territorio formose\u00f1o fue a la <a class=\"mh-excerpt-more\" href=\"https:\/\/primiciasclorinda.com\/?p=21890\" title=\"Cruz\u00f3 a nado el Bermejo y luego se entreg\u00f3 en la Comisar\u00eda de Mansilla\">[&#8230;]<\/a><\/p>\n<\/div>","protected":false},"author":3,"featured_media":21891,"comment_status":"open","ping_status":"open","sticky":false,"template":"","format":"standard","meta":{"footnotes":""},"categories":[4,3],"tags":[3023,23,3130],"class_list":["post-21890","post","type-post","status-publish","format-standard","has-post-thumbnail","hentry","category-informacion-general","category-politica-economia","tag-covid19","tag-formosa","tag-varados"],"_links":{"self":[{"href":"https:\/\/primiciasclorinda.com\/index.php?rest_route=\/wp\/v2\/posts\/21890","targetHints":{"allow":["GET"]}}],"collection":[{"href":"https:\/\/primiciasclorinda.com\/index.php?rest_route=\/wp\/v2\/posts"}],"about":[{"href":"https:\/\/primiciasclorinda.com\/index.php?rest_route=\/wp\/v2\/types\/post"}],"author":[{"embeddable":true,"href":"https:\/\/primiciasclorinda.com\/index.php?rest_route=\/wp\/v2\/users\/3"}],"replies":[{"embeddable":true,"href":"https:\/\/primiciasclorinda.com\/index.php?rest_route=%2Fwp%2Fv2%2Fcomments&post=21890"}],"version-history":[{"count":2,"href":"https:\/\/primiciasclorinda.com\/index.php?rest_route=\/wp\/v2\/posts\/21890\/revisions"}],"predecessor-version":[{"id":21893,"href":"https:\/\/primiciasclorinda.com\/index.php?rest_route=\/wp\/v2\/posts\/21890\/revisions\/21893"}],"wp:featuredmedia":[{"embeddable":true,"href":"https:\/\/primiciasclorinda.com\/index.php?rest_route=\/wp\/v2\/media\/21891"}],"wp:attachment":[{"href":"https:\/\/primiciasclorinda.com\/index.php?rest_route=%2Fwp%2Fv2%2Fmedia&parent=21890"}],"wp:term":[{"taxonomy":"category","embeddable":true,"href":"https:\/\/primiciasclorinda.com\/index.php?rest_route=%2Fwp%2Fv2%2Fcategories&post=21890"},{"taxonomy":"post_tag","embeddable":true,"href":"https:\/\/primiciasclorinda.com\/index.php?rest_route=%2Fwp%2Fv2%2Ftags&post=21890"}],"curies":[{"name":"wp","href":"https:\/\/api.w.org\/{rel}","templated":true}]}}