{"id":21883,"date":"2020-11-11T08:49:26","date_gmt":"2020-11-11T11:49:26","guid":{"rendered":"http:\/\/primiciasclorinda.com\/?p=21883"},"modified":"2020-11-11T08:50:01","modified_gmt":"2020-11-11T11:50:01","slug":"l-gobernador-insfran-anuncio-aumento-de-5-a-estatales-activos-y-pasivos","status":"publish","type":"post","link":"https:\/\/primiciasclorinda.com\/?p=21883","title":{"rendered":"El gobernador Insfr\u00e1n anunci\u00f3 aumento de 5% a estatales activos y pasivos"},"content":{"rendered":"<p style=\"text-align: justify;\">En una conferencia de prensa realizada este martes en Casa de Gobierno, el gobernador de Formosa, Gildo Insfr\u00e1n, anunci\u00f3 un aumento salarial del 5% para los agentes activos y pasivos de la Administraci\u00f3n P\u00fablica Provincial, lo cual sumado al 15% otorgado a principios de marzo y el 5% en agosto, totaliza un 25% en t\u00e9rminos acumulativos.<\/p>\n<p style=\"text-align: justify;\">\u201cEn el marco del compromiso asumido durante el \u00faltimo anuncio de pol\u00edtica salarial ocurrido en el mes de agosto y conforme a la evaluaci\u00f3n de las posibilidades financieras del Tesoro local, se ha decidido ordenar las siguientes pautas para los haberes de los agentes del Administraci\u00f3n P\u00fablica Provincial\u201d, manifest\u00f3 el primer mandatario, quien estuvo acompa\u00f1ado por dirigentes gremiales.<\/p>\n<p style=\"text-align: justify;\">En ese sentido, a partir del mes de noviembre se establece un incremento del 5% sobre los valores de las remuneraciones vigentes al mes de febrero del corriente a\u00f1o, que agregado al 15% y al 5% dispuestos respectivamente desde marzo y julio del 2020, totaliza un 25% de aumento salarial para el presente ejercicio.<\/p>\n<p style=\"text-align: justify;\">La medida comprende a los beneficiarios de la Caja de Previsi\u00f3n Social (CPS).<\/p>\n<p style=\"text-align: justify;\">A su vez, el titular del Ejecutivo Provincial, en declaraciones recogidas por AGENFOR, subray\u00f3 que \u201cse fija el haber m\u00ednimo de bolsillo garantizado para los agentes activos en la suma de $26.250\u201d.<\/p>\n<p style=\"text-align: justify;\">Docentes<\/p>\n<p style=\"text-align: justify;\">Por su parte, para el escalaf\u00f3n docente, se dispone la incorporaci\u00f3n al b\u00e1sico a partir del mes de noviembre del 50% de la asignaci\u00f3n no remunerativa fijada a partir del mes de julio del corriente a\u00f1o, resultando el valor del punto \u00edndice en 65,978945, apuntando que este incremento se extiende a los agentes pasivos docentes de la CPS.<\/p>\n<p style=\"text-align: justify;\">Determin\u00f3 a partir del mes de noviembre, la asignaci\u00f3n remunerativa de $1250 de car\u00e1cter mensual para el personal activo del escalaf\u00f3n docente, adicionales a de una suma no m\u00ednima de bolsillo.<\/p>\n<p style=\"text-align: justify;\">Las modificaciones anunciadas para los haberes p\u00fablicos significan para la Administraci\u00f3n el presupuesto vigente un incremento de erogaciones superior a los $340 millones, que acumuladas a las novedades fijadas a partir de marzo y julio pr\u00f3ximos pasados, representan desembolsos del orden de los $4800 millones para el presente per\u00edodo presupuestario.<\/p>\n","protected":false},"excerpt":{"rendered":"<div class=\"mh-excerpt\"><p>En una conferencia de prensa realizada este martes en Casa de Gobierno, el gobernador de Formosa, Gildo Insfr\u00e1n, anunci\u00f3 un aumento salarial del 5% para <a class=\"mh-excerpt-more\" href=\"https:\/\/primiciasclorinda.com\/?p=21883\" title=\"El gobernador Insfr\u00e1n anunci\u00f3 aumento de 5% a estatales activos y pasivos\">[&#8230;]<\/a><\/p>\n<\/div>","protected":false},"author":3,"featured_media":21884,"comment_status":"open","ping_status":"open","sticky":false,"template":"","format":"standard","meta":{"footnotes":""},"categories":[4,3],"tags":[2940,18,58],"class_list":["post-21883","post","type-post","status-publish","format-standard","has-post-thumbnail","hentry","category-informacion-general","category-politica-economia","tag-aumento-de-sueldos","tag-gildo-insfran","tag-gobierno-de-formosa"],"_links":{"self":[{"href":"https:\/\/primiciasclorinda.com\/index.php?rest_route=\/wp\/v2\/posts\/21883","targetHints":{"allow":["GET"]}}],"collection":[{"href":"https:\/\/primiciasclorinda.com\/index.php?rest_route=\/wp\/v2\/posts"}],"about":[{"href":"https:\/\/primiciasclorinda.com\/index.php?rest_route=\/wp\/v2\/types\/post"}],"author":[{"embeddable":true,"href":"https:\/\/primiciasclorinda.com\/index.php?rest_route=\/wp\/v2\/users\/3"}],"replies":[{"embeddable":true,"href":"https:\/\/primiciasclorinda.com\/index.php?rest_route=%2Fwp%2Fv2%2Fcomments&post=21883"}],"version-history":[{"count":2,"href":"https:\/\/primiciasclorinda.com\/index.php?rest_route=\/wp\/v2\/posts\/21883\/revisions"}],"predecessor-version":[{"id":21886,"href":"https:\/\/primiciasclorinda.com\/index.php?rest_route=\/wp\/v2\/posts\/21883\/revisions\/21886"}],"wp:featuredmedia":[{"embeddable":true,"href":"https:\/\/primiciasclorinda.com\/index.php?rest_route=\/wp\/v2\/media\/21884"}],"wp:attachment":[{"href":"https:\/\/primiciasclorinda.com\/index.php?rest_route=%2Fwp%2Fv2%2Fmedia&parent=21883"}],"wp:term":[{"taxonomy":"category","embeddable":true,"href":"https:\/\/primiciasclorinda.com\/index.php?rest_route=%2Fwp%2Fv2%2Fcategories&post=21883"},{"taxonomy":"post_tag","embeddable":true,"href":"https:\/\/primiciasclorinda.com\/index.php?rest_route=%2Fwp%2Fv2%2Ftags&post=21883"}],"curies":[{"name":"wp","href":"https:\/\/api.w.org\/{rel}","templated":true}]}}