{"id":21846,"date":"2020-11-09T08:40:59","date_gmt":"2020-11-09T11:40:59","guid":{"rendered":"http:\/\/primiciasclorinda.com\/?p=21846"},"modified":"2020-11-09T08:41:08","modified_gmt":"2020-11-09T11:41:08","slug":"formosa-gran-convocatoria-en-la-plaza-san-martin-para-pedir-por-los-varados","status":"publish","type":"post","link":"https:\/\/primiciasclorinda.com\/?p=21846","title":{"rendered":"Formosa: gran convocatoria en la plaza San Mart\u00edn para pedir por los varados"},"content":{"rendered":"<p style=\"text-align: justify;\">Una convocatoria que se hizo por las redes sociales y que a diferencia de otras veces, en esta oportunidad reuni\u00f3 a m\u00e1s personas. Piden por la libre circulaci\u00f3n en Formosa, para que dejen ingresar a los varados y que cesen los ataques al juez federal.<\/p>\n<p style=\"text-align: justify;\">Al igual que en el resto del pa\u00eds, en Formosa alrededor de 800 personas aproximadamente se re\u00fanen en la plaza San Mart\u00edn para protestar en contra del gobierno y el fallo del Corte contra el desplazamiento de los jueces. Adem\u00e1s, el reclamo en particular en este territorio, es por el impedimento del Gobierno a dejar ingresar a las m\u00e1s de 7000 personas que est\u00e1n varadas en la ruta. Piden que cesen los ataques contra el juez federel subrogante Fernando Carbajal quien est\u00e1 interponiendo recursos de H\u00e1beas Corpus para un grupo de formose\u00f1os que pidieron judicializar su ingreso.<\/p>\n<p style=\"text-align: justify;\">Desde el Gobierno, se ha atacado permanentemente la postura de los abogados Carlos Lee, Daniel Suizer y Gabriela Neme, entre otros, quienes recurrieron ante la Justicia Federal, a cargo en este caso del juez federal subrogante Fernando Carbajal, para que mediante la presentaci\u00f3n de recursos de H\u00e1beas Corpus, solicitaron el ingreso de formose\u00f1os varados.<\/p>\n<p style=\"text-align: justify;\">El propio ministro de Gobierno, Jorge G\u00f3nz\u00e1lez y con \u00e9l, varios dirigentes se encargaron de se\u00f1alar a estas personas como las responsables del denominado \u00abestatuto legal del contagio\u00bb o en el caso del margistrado, de quien dijeron que es el creador del Sistema Judicializado de Ingreso Desordenado a la provincia.<\/p>\n<p style=\"text-align: justify;\">Fuente: El Comercial.<\/p>\n","protected":false},"excerpt":{"rendered":"<div class=\"mh-excerpt\"><p>Una convocatoria que se hizo por las redes sociales y que a diferencia de otras veces, en esta oportunidad reuni\u00f3 a m\u00e1s personas. Piden por <a class=\"mh-excerpt-more\" href=\"https:\/\/primiciasclorinda.com\/?p=21846\" title=\"Formosa: gran convocatoria en la plaza San Mart\u00edn para pedir por los varados\">[&#8230;]<\/a><\/p>\n<\/div>","protected":false},"author":3,"featured_media":21847,"comment_status":"open","ping_status":"open","sticky":false,"template":"","format":"standard","meta":{"footnotes":""},"categories":[4,3],"tags":[3389,23,3130],"class_list":["post-21846","post","type-post","status-publish","format-standard","has-post-thumbnail","hentry","category-informacion-general","category-politica-economia","tag-8n","tag-formosa","tag-varados"],"_links":{"self":[{"href":"https:\/\/primiciasclorinda.com\/index.php?rest_route=\/wp\/v2\/posts\/21846","targetHints":{"allow":["GET"]}}],"collection":[{"href":"https:\/\/primiciasclorinda.com\/index.php?rest_route=\/wp\/v2\/posts"}],"about":[{"href":"https:\/\/primiciasclorinda.com\/index.php?rest_route=\/wp\/v2\/types\/post"}],"author":[{"embeddable":true,"href":"https:\/\/primiciasclorinda.com\/index.php?rest_route=\/wp\/v2\/users\/3"}],"replies":[{"embeddable":true,"href":"https:\/\/primiciasclorinda.com\/index.php?rest_route=%2Fwp%2Fv2%2Fcomments&post=21846"}],"version-history":[{"count":2,"href":"https:\/\/primiciasclorinda.com\/index.php?rest_route=\/wp\/v2\/posts\/21846\/revisions"}],"predecessor-version":[{"id":21849,"href":"https:\/\/primiciasclorinda.com\/index.php?rest_route=\/wp\/v2\/posts\/21846\/revisions\/21849"}],"wp:featuredmedia":[{"embeddable":true,"href":"https:\/\/primiciasclorinda.com\/index.php?rest_route=\/wp\/v2\/media\/21847"}],"wp:attachment":[{"href":"https:\/\/primiciasclorinda.com\/index.php?rest_route=%2Fwp%2Fv2%2Fmedia&parent=21846"}],"wp:term":[{"taxonomy":"category","embeddable":true,"href":"https:\/\/primiciasclorinda.com\/index.php?rest_route=%2Fwp%2Fv2%2Fcategories&post=21846"},{"taxonomy":"post_tag","embeddable":true,"href":"https:\/\/primiciasclorinda.com\/index.php?rest_route=%2Fwp%2Fv2%2Ftags&post=21846"}],"curies":[{"name":"wp","href":"https:\/\/api.w.org\/{rel}","templated":true}]}}