{"id":21676,"date":"2020-10-26T21:10:38","date_gmt":"2020-10-27T00:10:38","guid":{"rendered":"http:\/\/primiciasclorinda.com\/?p=21676"},"modified":"2020-10-26T21:10:38","modified_gmt":"2020-10-27T00:10:38","slug":"fernandez-devaluar-es-facil-pero-es-una-maquina-de-crear-pobreza","status":"publish","type":"post","link":"https:\/\/primiciasclorinda.com\/?p=21676","title":{"rendered":"Fern\u00e1ndez: \u00abDevaluar es f\u00e1cil, pero es una m\u00e1quina de crear pobreza\u00bb"},"content":{"rendered":"<p style=\"text-align: justify;\">El Presidente entreg\u00f3 viviendas para familias de las provincias de Buenos Aires y R\u00edo Negro y anunciar\u00e1 obras para La Rioja y Formosa.<\/p>\n<p style=\"text-align: justify;\">El presidente Alberto Fern\u00e1ndez afirm\u00f3 hoy que \u00abdevaluar es f\u00e1cil, pero es una m\u00e1quina de generar pobreza\u00bb y sostuvo que el Gobierno busca \u00abuna Argentina que se desarrolle y exporte para conseguir los d\u00f3lares\u00bb y no \u00abpor poner la divisa a un precio que algunos poderosos necesitan\u00bb.<\/p>\n<p style=\"text-align: justify;\">Acompa\u00f1ado por el gobernador bonaerense, Axel Kicillof, el mandatario encabez\u00f3 este mediod\u00eda en el municipio bonaerense de Ezeiza un acto de entrega de viviendas para familias de Buenos Aires y R\u00edo Negro, y anuncios obras de reactivaci\u00f3n de casas en Formosa y La Rioja.<\/p>\n<p style=\"text-align: justify;\">\u00abDevaluar es muy f\u00e1cil, pero es una m\u00e1quina de generar pobreza\u00bb, dijo Fern\u00e1ndez, al resaltar que el Gobierno busca \u00abuna Argentina que crezca, se desarrolle y exporte para conseguir los d\u00f3lares\u00bb y no \u00abconseguir los d\u00f3lares por poner la divisa al precio que algunos poderosos necesitan\u00bb.<\/p>\n<p style=\"text-align: justify;\">Fern\u00e1ndez asegur\u00f3 que su Gobierno \u00abno lleg\u00f3 para cruzar los brazos ni para obedecerles\u00bb a los poderosos, sino para \u00abobedecer a los que lo votaron y para hacer una Argentina que incluya a todos\u00bb.<\/p>\n<p style=\"text-align: justify;\">En ese sentido, afirm\u00f3 que \u00abes un orgullo terminar con esta tarea inconclusa porque era una tarea destinada a llevar soluciones a los que m\u00e1s necesitan y dar una respuesta a quienes se quedan sin voz cada vez que gobiernan los otros\u00bb, en referencia a la entrega de viviendas Procrear.<\/p>\n<p style=\"text-align: justify;\">En La Rioja, se firm\u00f3 un convenio por 590 millones de pesos dentro del Programa nacional de reactivaci\u00f3n y terminaci\u00f3n de obras de vivienda, infraestructura y h\u00e1bitat para la construcci\u00f3n de 216 casas, se inform\u00f3 en el acto.<\/p>\n<p style=\"text-align: justify;\">Conectado por videoconferencia, el gobernador Ricardo Quintela destac\u00f3 la \u00abmirada federal\u00bb del Gobierno para que el pa\u00eds \u00abcrezca arm\u00f3nicamente\u00bb, mientras que su par de Formosa, Gildo Insfr\u00e1n, destac\u00f3 que \u00abdespu\u00e9s de cinco a\u00f1os se empiezan a hacer las primeras viviendas\u00bb.<\/p>\n<p style=\"text-align: justify;\">Formosa firm\u00f3 un convenio para reactivar la construcci\u00f3n de 678 viviendas por 2.300 millones de pesos, en el marco del mismo programa de reactivaci\u00f3n.<\/p>\n<p style=\"text-align: justify;\">\u00abEs dif\u00edcil explicarle al mundo que hubo 11 mil viviendas como \u00e9stas que dejaron de hacerse y no se entregaron, muchas terminadas\u00bb, apunt\u00f3 Fern\u00e1ndez en Ezeiza, acompa\u00f1ado tambi\u00e9n por los ministros del Interior, Eduardo \u00abWado\u00bb de Pedro, y de Desarrollo Territorial y H\u00e1bitat, Mar\u00eda Eugenia Bielsa.<\/p>\n<p style=\"text-align: justify;\">En ese sentido, el jefe de Estado se\u00f1al\u00f3 que esa \u00abes la misma raz\u00f3n por la que una gobernadora decidi\u00f3 que no hab\u00eda que hacer m\u00e1s hospitales en Buenos Aires, sin pensar que alguna vez pod\u00eda ocurrir una pandemia y que los argentinos necesiten un hospital p\u00fablico para atenderse\u00bb.<\/p>\n<p style=\"text-align: justify;\">\u00abNo vinimos para desentendernos de esos problemas, vinimos para hacernos cargo de esos problemas que los argentinos expresan\u00bb, a\u00f1adi\u00f3.<\/p>\n<p style=\"text-align: justify;\">Tambi\u00e9n participaron en el acto conectados desde sus distritos el intendente de Florencio Varela, Andr\u00e9s Watson, donde se entregaron 92 viviendas; la gobernadora de R\u00edo Negro, Arabela Carreras; la directora ejecutiva de Anses, Fernanda Raverta, y el intendente de Ezeiza, Alejandro Granados.<\/p>\n<p style=\"text-align: justify;\">\u00abMuchos quieren desviarnos y que atendamos los problemas de peque\u00f1as minor\u00edas que siempre se han hecho cargo de la Argentina, y que quieren que uno responda a sus intereses y se olvide de las necesidades de todos estos argentinos\u00bb, agreg\u00f3.<\/p>\n<p style=\"text-align: justify;\">El mandatario asever\u00f3 que, en la tem\u00e1tica vivienda, \u00abhay que entender que el problema de cada uno de esos argentinos es un problema nuestro, no es un problema de ellos\u00bb.<\/p>\n<p style=\"text-align: justify;\">\u00abEs nuestra obligaci\u00f3n salir y darle la respuesta que debemos darle\u00bb, dijo Fern\u00e1ndez, tras sostener que, \u00abaunque muchos quieren quebrarnos, a nadie le pregunto de d\u00f3nde viene sino si quiere llegar a una Argentina que tenga como prioridad la producci\u00f3n y el trabajo\u00bb.<\/p>\n","protected":false},"excerpt":{"rendered":"<div class=\"mh-excerpt\"><p>El Presidente entreg\u00f3 viviendas para familias de las provincias de Buenos Aires y R\u00edo Negro y anunciar\u00e1 obras para La Rioja y Formosa. El presidente <a class=\"mh-excerpt-more\" href=\"https:\/\/primiciasclorinda.com\/?p=21676\" title=\"Fern\u00e1ndez: \u00abDevaluar es f\u00e1cil, pero es una m\u00e1quina de crear pobreza\u00bb\">[&#8230;]<\/a><\/p>\n<\/div>","protected":false},"author":3,"featured_media":21677,"comment_status":"open","ping_status":"open","sticky":false,"template":"","format":"standard","meta":{"footnotes":""},"categories":[3],"tags":[2467,3008,3034],"class_list":["post-21676","post","type-post","status-publish","format-standard","has-post-thumbnail","hentry","category-politica-economia","tag-alberto-fernandez","tag-crisis","tag-cuarentena"],"_links":{"self":[{"href":"https:\/\/primiciasclorinda.com\/index.php?rest_route=\/wp\/v2\/posts\/21676","targetHints":{"allow":["GET"]}}],"collection":[{"href":"https:\/\/primiciasclorinda.com\/index.php?rest_route=\/wp\/v2\/posts"}],"about":[{"href":"https:\/\/primiciasclorinda.com\/index.php?rest_route=\/wp\/v2\/types\/post"}],"author":[{"embeddable":true,"href":"https:\/\/primiciasclorinda.com\/index.php?rest_route=\/wp\/v2\/users\/3"}],"replies":[{"embeddable":true,"href":"https:\/\/primiciasclorinda.com\/index.php?rest_route=%2Fwp%2Fv2%2Fcomments&post=21676"}],"version-history":[{"count":1,"href":"https:\/\/primiciasclorinda.com\/index.php?rest_route=\/wp\/v2\/posts\/21676\/revisions"}],"predecessor-version":[{"id":21678,"href":"https:\/\/primiciasclorinda.com\/index.php?rest_route=\/wp\/v2\/posts\/21676\/revisions\/21678"}],"wp:featuredmedia":[{"embeddable":true,"href":"https:\/\/primiciasclorinda.com\/index.php?rest_route=\/wp\/v2\/media\/21677"}],"wp:attachment":[{"href":"https:\/\/primiciasclorinda.com\/index.php?rest_route=%2Fwp%2Fv2%2Fmedia&parent=21676"}],"wp:term":[{"taxonomy":"category","embeddable":true,"href":"https:\/\/primiciasclorinda.com\/index.php?rest_route=%2Fwp%2Fv2%2Fcategories&post=21676"},{"taxonomy":"post_tag","embeddable":true,"href":"https:\/\/primiciasclorinda.com\/index.php?rest_route=%2Fwp%2Fv2%2Ftags&post=21676"}],"curies":[{"name":"wp","href":"https:\/\/api.w.org\/{rel}","templated":true}]}}