{"id":21582,"date":"2020-10-18T12:00:09","date_gmt":"2020-10-18T15:00:09","guid":{"rendered":"http:\/\/primiciasclorinda.com\/?p=21582"},"modified":"2020-10-18T12:00:09","modified_gmt":"2020-10-18T15:00:09","slug":"juarez-collado-la-pandemia-disminuyo-un-25-la-deteccion-precoz-del-cancer-de-mama","status":"publish","type":"post","link":"https:\/\/primiciasclorinda.com\/?p=21582","title":{"rendered":"Ju\u00e1rez Collado: \u201cLa pandemia disminuy\u00f3 un 25% la detecci\u00f3n precoz del c\u00e1ncer de mama\u201d"},"content":{"rendered":"<p style=\"text-align: justify;\">La m\u00e9dica onc\u00f3loga, que atiende en CEDIC, tambi\u00e9n insiste en la necesidad de reanudar los tratamientos oncol\u00f3gicos y paliativos, extremando las medidas de seguridad.<\/p>\n<p>De acuerdo a los datos que maneja la Dra. Marina Ju\u00e1rez Collado, m\u00e9dica onc\u00f3loga que presta servicios en CEDIC, la pandemia disminuy\u00f3 un 25% la detecci\u00f3n precoz del c\u00e1ncer de mama y un 50% el seguimiento y controles de los casos diagnosticados.<\/p>\n<p style=\"text-align: justify;\">Asegur\u00f3 que como consecuencia, \u201cluego de tantos meses encerrados en casa, y al no continuar los tratamientos oncol\u00f3gicos, los m\u00e9dicos nos encontramos con la evoluci\u00f3n de las enfermedades, lo cual hace bastante m\u00e1s dif\u00edcil el pron\u00f3stico y el tratamiento de los pacientes\u201d.<\/p>\n<p>Aunque la epidemia del coronavirus haya cobrado el m\u00e1ximo protagonismo estas semanas, la vida en los Centros de Estudios por Diagn\u00f3sticos y M\u00e9dicos contin\u00faa. Parece que poco a poco se est\u00e1 recuperando la normalidad para atender el resto de enfermedades que hab\u00edan quedado relegadas a un segundo plano. Entre ellas, el c\u00e1ncer, informaron desde CEDIC Formosa, ubicado en Saavedra y Eva Per\u00f3n.<\/p>\n<p style=\"text-align: justify;\">Al respecto, la m\u00e9dica onc\u00f3loga y especialista en cuidados paliativos Dra. Ju\u00e1rez Collado coment\u00f3 que en el contexto actual, donde se ha priorizado la prevenci\u00f3n del coronavirus, quedaron pendientes muchos diagn\u00f3sticos y tratamientos oncol\u00f3gicos. \u201cAquellos pacientes pendientes de diagn\u00f3stico han tenido que adaptarse a este nuevo escenario para evitar cualquier riesgo para su salud\u201d, coment\u00f3.<\/p>\n<p style=\"text-align: justify;\">En general, mostr\u00f3 optimismo: \u201cEn las \u00faltimas semanas, la mayor\u00eda de pacientes han podido complementar sus tratamientos sin m\u00e1s, aunque muchas intervenciones quir\u00fargicas hayan tenido que reprogramarse. Esperamos que no se sigan retrasando los controles, m\u00e1s a\u00fan ahora que junto a CEDIC estamos en pleno mes de concientizaci\u00f3n del c\u00e1ncer de mama\u201d.<\/p>\n<p>Ju\u00e1rez se\u00f1al\u00f3 que el objetivo siempre es continuar con los procesos de diagn\u00f3stico y terap\u00e9uticos sin poner en riesgo el pron\u00f3stico de la enfermedad y recuperar, cuanto antes, la normalidad.<\/p>\n<p style=\"text-align: justify;\">Con respecto a cu\u00e1les son las consultas m\u00e1s frecuentes, expres\u00f3 que haber sido tratada o estar bajo tratamiento por c\u00e1ncer de mama, convierte a una persona en paciente de riesgo frente al coronavirus. En ese sentido, la onc\u00f3loga afirm\u00f3 que en relaci\u00f3n al COVID-19 existen dos factores de riesgo ajenos al c\u00e1ncer de mama: la edad y el estado general de salud.<\/p>\n<p style=\"text-align: justify;\">\u201cLas pacientes que se encuentran bajo tratamientos con inmunosupresores, como, por ejemplo, la quimioterapia, radioterapia o inmunoterapia, deber\u00e1n reforzar todas las medidas de prevenci\u00f3n necesarias ya que est\u00e1n inmunocomprometidas. En estos casos, su onc\u00f3logo o mast\u00f3logo de cabecera les indicar\u00e1 c\u00f3mo continuar con el tratamiento y qu\u00e9 recaudos adicionales debe tener en cuenta\u201d, sintetiz\u00f3.<\/p>\n<p>\u201cLas pacientes que fueron tratadas y se encuentran libres de enfermedad tienen el mismo riesgo que la poblaci\u00f3n general, por lo tanto, la edad y\/o la preexistencia de alguna patolog\u00eda deben tenerse en cuenta para determinar si se encuentra dentro del rango de riesgo\u201d, aclar\u00f3.<\/p>\n<p style=\"text-align: justify;\">De todas maneras, la recomendaci\u00f3n es que una persona que est\u00e1 bajo tratamiento por c\u00e1ncer de mama debe extremar las medidas de seguridad que rigen actualmente.<\/p>\n<p style=\"text-align: justify;\"><strong>Recomendaciones<br \/>\n<\/strong><br \/>\n&#8211; No salir si no es necesario. De hacerlo, evitar el transporte p\u00fablico, no concurrir a lugares masivos y\/o cerrados porque son fuente de propagaci\u00f3n del virus, y sobre todo no tener contacto con personas que presenten alg\u00fan s\u00edntoma.<\/p>\n<p style=\"text-align: justify;\">&#8211; Evitar tocarse la cara, en especial la boca, la nariz y los ojos.<\/p>\n<p style=\"text-align: justify;\">&#8211; Lavarse frecuentemente las manos con agua y jab\u00f3n o con alcohol en gel.<\/p>\n<p style=\"text-align: justify;\">&#8211; No compartir mate, bebidas, alimentos, vajillas, ni objetos personales con nadie.<\/p>\n<p style=\"text-align: justify;\">&#8211; Limpiar con agua y lavandina las superficies de contacto como escritorios o picaportes.<\/p>\n<p style=\"text-align: justify;\">&#8211; Ventilar los ambientes.<\/p>\n<p style=\"text-align: justify;\">&#8211; Al toser o estornudar, taparse la boca y la nariz con el pliegue del codo.<\/p>\n<p style=\"text-align: justify;\">En cuanto al uso de barbijo, desde CEDIC tambi\u00e9n se aconseja su utilizaci\u00f3n como medida de cuidado.<\/p>\n<p>Fuente: La Ma\u00f1ana.<\/p>\n","protected":false},"excerpt":{"rendered":"<div class=\"mh-excerpt\"><p>La m\u00e9dica onc\u00f3loga, que atiende en CEDIC, tambi\u00e9n insiste en la necesidad de reanudar los tratamientos oncol\u00f3gicos y paliativos, extremando las medidas de seguridad. De <a class=\"mh-excerpt-more\" href=\"https:\/\/primiciasclorinda.com\/?p=21582\" title=\"Ju\u00e1rez Collado: \u201cLa pandemia disminuy\u00f3 un 25% la detecci\u00f3n precoz del c\u00e1ncer de mama\u201d\">[&#8230;]<\/a><\/p>\n<\/div>","protected":false},"author":3,"featured_media":21583,"comment_status":"open","ping_status":"open","sticky":false,"template":"","format":"standard","meta":{"footnotes":""},"categories":[4],"tags":[2074,23],"class_list":["post-21582","post","type-post","status-publish","format-standard","has-post-thumbnail","hentry","category-informacion-general","tag-cancer-de-mama","tag-formosa"],"_links":{"self":[{"href":"https:\/\/primiciasclorinda.com\/index.php?rest_route=\/wp\/v2\/posts\/21582","targetHints":{"allow":["GET"]}}],"collection":[{"href":"https:\/\/primiciasclorinda.com\/index.php?rest_route=\/wp\/v2\/posts"}],"about":[{"href":"https:\/\/primiciasclorinda.com\/index.php?rest_route=\/wp\/v2\/types\/post"}],"author":[{"embeddable":true,"href":"https:\/\/primiciasclorinda.com\/index.php?rest_route=\/wp\/v2\/users\/3"}],"replies":[{"embeddable":true,"href":"https:\/\/primiciasclorinda.com\/index.php?rest_route=%2Fwp%2Fv2%2Fcomments&post=21582"}],"version-history":[{"count":1,"href":"https:\/\/primiciasclorinda.com\/index.php?rest_route=\/wp\/v2\/posts\/21582\/revisions"}],"predecessor-version":[{"id":21584,"href":"https:\/\/primiciasclorinda.com\/index.php?rest_route=\/wp\/v2\/posts\/21582\/revisions\/21584"}],"wp:featuredmedia":[{"embeddable":true,"href":"https:\/\/primiciasclorinda.com\/index.php?rest_route=\/wp\/v2\/media\/21583"}],"wp:attachment":[{"href":"https:\/\/primiciasclorinda.com\/index.php?rest_route=%2Fwp%2Fv2%2Fmedia&parent=21582"}],"wp:term":[{"taxonomy":"category","embeddable":true,"href":"https:\/\/primiciasclorinda.com\/index.php?rest_route=%2Fwp%2Fv2%2Fcategories&post=21582"},{"taxonomy":"post_tag","embeddable":true,"href":"https:\/\/primiciasclorinda.com\/index.php?rest_route=%2Fwp%2Fv2%2Ftags&post=21582"}],"curies":[{"name":"wp","href":"https:\/\/api.w.org\/{rel}","templated":true}]}}