{"id":21291,"date":"2020-09-28T10:10:23","date_gmt":"2020-09-28T13:10:23","guid":{"rendered":"http:\/\/primiciasclorinda.com\/?p=21291"},"modified":"2020-09-28T10:10:23","modified_gmt":"2020-09-28T13:10:23","slug":"cuatro-detenidos-por-realizacion-de-fiesta-privada-donde-hubo-disparos-de-arma-de-fuego","status":"publish","type":"post","link":"https:\/\/primiciasclorinda.com\/?p=21291","title":{"rendered":"Cuatro detenidos por realizaci\u00f3n de fiesta privada donde hubo disparos de arma de fuego"},"content":{"rendered":"<p style=\"text-align: justify;\">En la madrugada del domingo, personal policial fue a verificar una posible fiesta privada, esto alertado por la denuncia de los vecinos, la misma efectivamente se desarrollaba en una casa del barrio Primero de Mayo de esta ciudad. Al intentar dialogar con el propietario del domicilio el personal termin\u00f3 siendo agredido por los participantes, y hasta se escuch\u00f3 la detonaci\u00f3n de un arma de fuego.<\/p>\n<p style=\"text-align: justify;\">El irresponsable que deton\u00f3 el arma adem\u00e1s de esto no cesaba en los insultos para con los efectivos. En el transcurso de la agresi\u00f3n rompieron uno de los vidrios laterales de uno de los patrulleros.<\/p>\n<p style=\"text-align: justify;\">Seg\u00fan inform\u00f3 la polic\u00eda el responsable de las amenazas y posiblemente el autor de los disparos es personal de Gendarmer\u00eda Nacional, como as\u00ed otros participantes que lograron darse a la fuga. El personal de GNA est\u00e1 detenido.<\/p>\n<p style=\"text-align: justify;\">Con orden del juez interviniente se realiz\u00f3 el procedimiento en el lugar\u00a0 logr\u00e1ndose a la detenci\u00f3n de un masculino de la casa y dos mujeres que se encontraban en la fiesta. Adem\u00e1s ya se encuentra detenido el personal de Gendarmer\u00eda sospechado de haber disparado con el arma. Hasta el momento no se pudo lograr la incautaci\u00f3n del arma. Igualmente se contin\u00faa investigando para lograr individualizar a las dem\u00e1s personas que realizaban esa fiesta en ese lugar. Los detenidos fueron llevados a Fsa. Capital para su alojamiento donde quedar\u00e1n a disposici\u00f3n de la justicia.<\/p>\n","protected":false},"excerpt":{"rendered":"<div class=\"mh-excerpt\"><p>En la madrugada del domingo, personal policial fue a verificar una posible fiesta privada, esto alertado por la denuncia de los vecinos, la misma efectivamente <a class=\"mh-excerpt-more\" href=\"https:\/\/primiciasclorinda.com\/?p=21291\" title=\"Cuatro detenidos por realizaci\u00f3n de fiesta privada donde hubo disparos de arma de fuego\">[&#8230;]<\/a><\/p>\n<\/div>","protected":false},"author":3,"featured_media":21292,"comment_status":"open","ping_status":"open","sticky":false,"template":"","format":"standard","meta":{"footnotes":""},"categories":[4,10],"tags":[26,3326,895,3339],"class_list":["post-21291","post","type-post","status-publish","format-standard","has-post-thumbnail","hentry","category-informacion-general","category-policiales","tag-clorinda","tag-fiesta-clandestina","tag-gna","tag-miembros-de-la-fuerza"],"_links":{"self":[{"href":"https:\/\/primiciasclorinda.com\/index.php?rest_route=\/wp\/v2\/posts\/21291","targetHints":{"allow":["GET"]}}],"collection":[{"href":"https:\/\/primiciasclorinda.com\/index.php?rest_route=\/wp\/v2\/posts"}],"about":[{"href":"https:\/\/primiciasclorinda.com\/index.php?rest_route=\/wp\/v2\/types\/post"}],"author":[{"embeddable":true,"href":"https:\/\/primiciasclorinda.com\/index.php?rest_route=\/wp\/v2\/users\/3"}],"replies":[{"embeddable":true,"href":"https:\/\/primiciasclorinda.com\/index.php?rest_route=%2Fwp%2Fv2%2Fcomments&post=21291"}],"version-history":[{"count":1,"href":"https:\/\/primiciasclorinda.com\/index.php?rest_route=\/wp\/v2\/posts\/21291\/revisions"}],"predecessor-version":[{"id":21293,"href":"https:\/\/primiciasclorinda.com\/index.php?rest_route=\/wp\/v2\/posts\/21291\/revisions\/21293"}],"wp:featuredmedia":[{"embeddable":true,"href":"https:\/\/primiciasclorinda.com\/index.php?rest_route=\/wp\/v2\/media\/21292"}],"wp:attachment":[{"href":"https:\/\/primiciasclorinda.com\/index.php?rest_route=%2Fwp%2Fv2%2Fmedia&parent=21291"}],"wp:term":[{"taxonomy":"category","embeddable":true,"href":"https:\/\/primiciasclorinda.com\/index.php?rest_route=%2Fwp%2Fv2%2Fcategories&post=21291"},{"taxonomy":"post_tag","embeddable":true,"href":"https:\/\/primiciasclorinda.com\/index.php?rest_route=%2Fwp%2Fv2%2Ftags&post=21291"}],"curies":[{"name":"wp","href":"https:\/\/api.w.org\/{rel}","templated":true}]}}