{"id":21272,"date":"2020-09-27T15:14:08","date_gmt":"2020-09-27T18:14:08","guid":{"rendered":"http:\/\/primiciasclorinda.com\/?p=21272"},"modified":"2020-09-27T15:14:51","modified_gmt":"2020-09-27T18:14:51","slug":"kicillof-estudia-comprar-tierras-y-otorgar-subsidios-por-50-mil-pesos-para-terminar-con-la-toma-de-guernica","status":"publish","type":"post","link":"https:\/\/primiciasclorinda.com\/?p=21272","title":{"rendered":"Kicillof estudia comprar tierras y otorgar subsidios por 50 mil pesos para terminar con la toma de Guernica"},"content":{"rendered":"<p style=\"text-align: justify;\">Se multiplican las reuniones entre funcionarios bonaerenses e intendentes. Los usurpadores de las 100 hect\u00e1reas de Presidente Per\u00f3n prometen resistir si no hay una propuesta clara. El 90% de los tomadores de esas tierras son desocupados.<\/p>\n<p style=\"text-align: justify;\">Las reuniones entre los principales funcionarios del gobernador Axel Kicillof e intendentes vecinos al municipio de Presidente Per\u00f3n, lugar donde est\u00e1 ubicada la mega toma de 100 hect\u00e1reas en el barrio Numancia de Guernica, se precipitaron en las \u00faltimas horas. Sucede que el juez de la causa, Mart\u00edn Miguel Rizzo, decidi\u00f3 postergar el desalojo, que deb\u00eda comenzar el 23 de septiembre pasado a pedido de Andr\u00e9s Larroque, el ministro de Desarrollo de la Comunidad, para el jueves 1 de octubre. La idea era \u201clograr una desocupaci\u00f3n pac\u00edfica del predio en conflicto\u201d. Sin embargo, hasta el d\u00eda de hoy eso no se consigui\u00f3. Los representantes de los cuatro barrios que se formaron en el predio privado, 9 de Julio, San Mart\u00edn, La Lucha y La Uni\u00f3n -aunque sin coincidencias absolutas- tienen decidido no abandonar el predio si no hay una propuesta clara de las autoridades sobre cual o cuales ser\u00e1n los lugares de traslado. Antes de la fecha l\u00edmite, se presentar\u00e1 de manera formal la propuesta que estudia Kicillof junto a Larroque e intendentes del conurbano.<\/p>\n<p style=\"text-align: justify;\">Mientras tanto, el ministro de Seguridad, Sergio Berni, ya tiene preparado al pelot\u00f3n de 500 polic\u00edas bonaerenses que ser\u00e1n destinados al desalojo compulsivo si el acuerdo no se sella, o si el magistrado no prorroga la fecha de \u201clanzamiento masivo ordenado\u201d por el juzgado de Garant\u00edas N\u00famero 8 de Ca\u00f1uelas. Una situaci\u00f3n a la que ni la justicia ni el poder pol\u00edtico desea llegar porque el resultado es impredecible.<\/p>\n<p style=\"text-align: justify;\">Seg\u00fan los \u00faltimos informes que le llegaron a Berni, los delegados que \u201cmueven\u00bb las decisiones en las asambleas que se realizan el el predio tomado pertenecen al Partido Obrero (PO), al Frente de Organizaciones en Lucha (FOL) -los impulsores de las movilizaciones contra el desalojo- y el espacio de la Organizaci\u00f3n Barrios de Pie que responde a Jorge Ceballos -la otra fracci\u00f3n est\u00e1 liderada por Daniel Men\u00e9ndez, actual subsecretario de Promoci\u00f3n de la Econom\u00eda Social y Desarrollo Local-.<\/p>\n<p style=\"text-align: justify;\">La idea fuerza de los funcionarios es presentar una propuesta atractiva para la mayor\u00eda de las familias que nada tienen que ver con estos sectores para \u201cdebilitar\u00bb sus posiciones y as\u00ed lograr el desalojo voluntario, al menos \u201cdel ochenta por ciento de los ocupantes que no est\u00e1n enrolados en esos grupos\u201d, tal la definici\u00f3n de uno de los activos intendentes que colabora activamente para encontrar una soluci\u00f3n \u201cpol\u00edtica\u201d al problema judicializado de la ocupaci\u00f3n ilegal.<\/p>\n<p style=\"text-align: justify;\">En principio, la propuestas con la que se trabaja es la siguiente: adquirir tierras en Guernica, cerca de la toma, para trasladar, al menos a las 650 familias de Presidente Per\u00f3n que fueron censadas por el Ministerio de Desarrollo de la Comunidad. El o los barrios que se formar\u00e1n ser\u00e1n urbanizados y tendr\u00e1n todos los servicios. Es decir que se evitar\u00e1 que se forme un asentamiento precario.<\/p>\n<p style=\"text-align: justify;\">Para eso hay dos modelos que se manejan, la participaci\u00f3n de cooperativas que dependen de alguno de los movimientos sociales con experiencia en este tipo de construcciones; o el modelo similar al que se utiliz\u00f3 en la urbanizaci\u00f3n de Villa Palito -ahora Barrio Almafuerte- en La Matanza, y que fue la auto gesti\u00f3n de cada una de las familias con la \u201carticulaci\u00f3n entre el Estado Nacional, Provincial y Municipal\u201d, seg\u00fan explicaron para que \u201cni\u00f1os, adultos mayores, mujeres y hombres recuperen el verdadero sentido de la vida familiar\u201d.<\/p>\n<p style=\"text-align: justify;\">Algo similar sucedi\u00f3 tambi\u00e9n con la toma que realiz\u00f3 la Corriente Clasista y Combativa (CCC) en Gregorio de Laferrere, tambi\u00e9n en La Matanza. Eran tierras privadas que fueron compradas por la provincia y con fondos federales se autogestion\u00f3 la construcci\u00f3n del Barrio Mar\u00eda Elena.<\/p>\n<p style=\"text-align: justify;\">El censo tambi\u00e9n determin\u00f3 que el segundo n\u00famero de familias pertenece al vecino municipio de Almirante Brown y en menor medida a Lomas de Zamora, Esteban Echeverr\u00eda, Quilmes y La Matanza.<\/p>\n<p style=\"text-align: justify;\">Para el resto de los ocupantes del predio se estudia la posibilidad de otorgarles un subsidio de 50.000 pesos -el monto puede variar- para que con esa suma puedan ingresar a un alquiler de una vivienda digna, o comprar una parcela de tierra d\u00f3nde construir una vivienda con la ayuda del Estado a trav\u00e9s de programas especiales para ese fin.<\/p>\n<p style=\"text-align: justify;\">En este \u00faltimo caso, est\u00e1 previsto realizar un seguimiento \u201cfamilia por familia\u201d, para que dinero sea invertido en una soluci\u00f3n habitacional y que despu\u00e9s no aparezcan tomando terrenos en otro lugar.<\/p>\n<p style=\"text-align: justify;\">Seg\u00fan el censo realizado en la toma, los 1.904 gruposque respondieron el cuestionario, declararon 2.797 ni\u00f1os, ni\u00f1as y adolescentes. De la situaci\u00f3n laboral, los adultos contestaron que 1.859 son desocupados, 494 ocupados, 271 con trabajo informal y otros 20 son jubilados, pensionados o tienen alg\u00fan tipo de discapacidad. Es decir que casi el 90% est\u00e1n sin trabajo. (Franco Fafasuli)<br \/>\nSeg\u00fan el censo realizado en la toma, los 1.904 gruposque respondieron el cuestionario, declararon 2.797 ni\u00f1os, ni\u00f1as y adolescentes. De la situaci\u00f3n laboral, los adultos contestaron que 1.859 son desocupados, 494 ocupados, 271 con trabajo informal y otros 20 son jubilados, pensionados o tienen alg\u00fan tipo de discapacidad. Es decir que casi el 90% est\u00e1n sin trabajo. (Franco Fafasuli)<br \/>\nSi las casi 70 familias de Almirante Brown ingresan a este sistema de subsidios, o se les compra tierras a\u00fan no est\u00e1 definido.<\/p>\n<p style=\"text-align: justify;\">Como se ve, la f\u00f3rmula que se est\u00e1 analizando para llegar a una soluci\u00f3n consensuada no es sencilla, las variables son muchas, pero se trabaja a destajo para llegar a un final que deje conforme a la mayor\u00eda.<\/p>\n<p style=\"text-align: justify;\">\u201cLo complejo del dise\u00f1o del plan que se presentar\u00e1 en el juzgado y a la mesa de di\u00e1logo no es sencilla porque se toma en cuenta las necesidades de cada familia. El censo ya nos dio un dato incontratable de las 2.344 parcelas tomadas, solo se acercaron para responder el cuestionario 1.904 representantes de familias. El resto no lo hicieron porque o son delincuentes, porque no les interesa entregar sus datos, o porque tienen otras intenciones como vender los terrenos que ocuparon\u201d, le explic\u00f3 a Infobae un funcionario que trabaja codo a codo con Larroque.<\/p>\n<p style=\"text-align: justify;\">Los principales n\u00fameros que arroj\u00f3 el censo y que ser\u00e1n tenidos en cuenta en la propuesta son los siguientes: en la toma de Guernica hay 1.309 familias con ni\u00f1os, ni\u00f1as o adolescentes, 307 personas adultas solas y 288 casos restantes que corresponden a otro tipo de constituci\u00f3n (m\u00e1s de dos adultos sin menores, parejas sin hijos, etc).<\/p>\n<p style=\"text-align: justify;\">Los 1.904 grupos censados declararon 2.797 ni\u00f1os, ni\u00f1as y adolescentes. De la situaci\u00f3n laboral, los adultos contestaron que 1.859 son desocupados, 494 ocupados, 271 con trabajo informal y otros 20 son jubilados, pensionados o tienen alg\u00fan tipo de discapacidad. Es decir que casi el 90% est\u00e1n sin trabajo.<\/p>\n<p style=\"text-align: justify;\">La propuesta que se est\u00e1 elaborando se perfil\u00f3 despu\u00e9s de horas y horas de di\u00e1logo que Larroque mantuvo con los alcaldes, con Kicillof y un grupo de referentes sociales, entre ellos Emilio P\u00e9rsico, del Movimiento Evita -tambi\u00e9n es funcionario nacional- y el l\u00edder de la Corriente Clasista y Combativa (CCC), el diputado Carlos Alderete.<\/p>\n<p style=\"text-align: justify;\">Cuarenta y ocho horas atr\u00e1s, el viernes, Los intendentes de Almirante Brown (Mariano Cascallares), Lomas de Zamora (Mart\u00edn Insaurralde), San Vicente (Nicol\u00e1s Mantegazza), Florencio Varela (Andr\u00e9s Watson), Ezeiza (Gast\u00f3n Granados), representantes de Esteban Echeverr\u00eda y los ministros de Desarrollo de la Comunidad y Justicia y Derechos Humanos de la provincia de Buenos Aires, Larroque y Julio Alak, respectivamente, se reunieron en la Municipalidad de Presidente Per\u00f3n.<\/p>\n<p style=\"text-align: justify;\">Junto a la intendenta Blanca Cantero analizaron el problema de la toma de Guernica, la necesidad de una soluci\u00f3n pacifica al conflicto que se gener\u00f3 ante el reclamo de tierra y viviendas, y la posibilidad de que la intendencia, con la asistencia de la provincia, compre las tierras para radicar al menos a las 650 familias que usurparon las 100 hect\u00e1reas privadas y que viven en condiciones de vulnerabilidad extrema.<\/p>\n<p style=\"text-align: justify;\">El resto de los alcaldes presentes, seg\u00fan pudo saber Infobae, se pusieron a disposici\u00f3n de Cantero para abordar la situaci\u00f3n de las personas de la toma que provienen de otros distritos, tal como arrojan los datos del censo. Ante eso, hablaron de analizar \u201ccaso por caso\u201d y \u201cen funci\u00f3n de los informes socio ambientales correspondientes, se abordar\u00e1 una respuesta para cada uno\u201d, entre esas soluciones, la entrega de un subsidio que podr\u00eda ser de 50.000 pesos.<\/p>\n<p style=\"text-align: justify;\">Tambi\u00e9n se acord\u00f3 \u201ctrabajar de manera coordinada entre todos los municipios y la Provincia\u201d.<\/p>\n<p style=\"text-align: justify;\">Ni Fernando Espinoza, el intendente de La Matanza, ni Mayra Mendoza, de Quilmes, estuvieron presentes ya que son muy pocas las personas que pertenecen a esos distritos. De todos modos ambos ya expresaron su total alineamiento con la causa, brindaron su apoyo para transmitirle al juzgado muestra de unidad, y cada uno por su lado aport\u00f3 su experiencia -sobre todo el matancero- en tomas anteriores en sus distritos y las maneras de abordarlas.<\/p>\n<p style=\"text-align: justify;\">Como los problemas detectados por el censo van m\u00e1s all\u00e1 de la necesidad de una vivienda, tambi\u00e9n participaron del encuentro el subsecretario de H\u00e1bitat del Ministerio de Desarrollo de la Comunidad, Rub\u00e9n Pascolini, el subsecretario de Pol\u00edtica Criminal del Ministerio de Justicia y DDHH de la provincia de Buenos Aires, Lisandro Pellegrini y el subsecretario de Participaci\u00f3n Ciudadana del Ministerio de Seguridad de la provincia de Buenos Aires, Pablo Fern\u00e1ndez.<\/p>\n<p style=\"text-align: justify;\">Por ejemplo, cuando se los consult\u00f3 sobre las razones por las cuales ocuparon el predio, respondieron 1.810 personas, de las cuales 1.544 alegaron \u201cdesocupaci\u00f3n, empobrecimiento e imposibilidad de pagar alquiler\u201d, 183 argumentaron conflictos familiares, 51 violencia de g\u00e9nero y 32 situaci\u00f3n de calle.<\/p>\n<p style=\"text-align: justify;\">Fuente: Infobae.com<\/p>\n","protected":false},"excerpt":{"rendered":"<div class=\"mh-excerpt\"><p>Se multiplican las reuniones entre funcionarios bonaerenses e intendentes. Los usurpadores de las 100 hect\u00e1reas de Presidente Per\u00f3n prometen resistir si no hay una propuesta <a class=\"mh-excerpt-more\" href=\"https:\/\/primiciasclorinda.com\/?p=21272\" title=\"Kicillof estudia comprar tierras y otorgar subsidios por 50 mil pesos para terminar con la toma de Guernica\">[&#8230;]<\/a><\/p>\n<\/div>","protected":false},"author":3,"featured_media":21273,"comment_status":"open","ping_status":"open","sticky":false,"template":"","format":"standard","meta":{"footnotes":""},"categories":[3],"tags":[3063,3334],"class_list":["post-21272","post","type-post","status-publish","format-standard","has-post-thumbnail","hentry","category-politica-economia","tag-kicillof","tag-toma-de-tierras"],"_links":{"self":[{"href":"https:\/\/primiciasclorinda.com\/index.php?rest_route=\/wp\/v2\/posts\/21272","targetHints":{"allow":["GET"]}}],"collection":[{"href":"https:\/\/primiciasclorinda.com\/index.php?rest_route=\/wp\/v2\/posts"}],"about":[{"href":"https:\/\/primiciasclorinda.com\/index.php?rest_route=\/wp\/v2\/types\/post"}],"author":[{"embeddable":true,"href":"https:\/\/primiciasclorinda.com\/index.php?rest_route=\/wp\/v2\/users\/3"}],"replies":[{"embeddable":true,"href":"https:\/\/primiciasclorinda.com\/index.php?rest_route=%2Fwp%2Fv2%2Fcomments&post=21272"}],"version-history":[{"count":2,"href":"https:\/\/primiciasclorinda.com\/index.php?rest_route=\/wp\/v2\/posts\/21272\/revisions"}],"predecessor-version":[{"id":21275,"href":"https:\/\/primiciasclorinda.com\/index.php?rest_route=\/wp\/v2\/posts\/21272\/revisions\/21275"}],"wp:featuredmedia":[{"embeddable":true,"href":"https:\/\/primiciasclorinda.com\/index.php?rest_route=\/wp\/v2\/media\/21273"}],"wp:attachment":[{"href":"https:\/\/primiciasclorinda.com\/index.php?rest_route=%2Fwp%2Fv2%2Fmedia&parent=21272"}],"wp:term":[{"taxonomy":"category","embeddable":true,"href":"https:\/\/primiciasclorinda.com\/index.php?rest_route=%2Fwp%2Fv2%2Fcategories&post=21272"},{"taxonomy":"post_tag","embeddable":true,"href":"https:\/\/primiciasclorinda.com\/index.php?rest_route=%2Fwp%2Fv2%2Ftags&post=21272"}],"curies":[{"name":"wp","href":"https:\/\/api.w.org\/{rel}","templated":true}]}}