{"id":21161,"date":"2020-09-20T21:56:03","date_gmt":"2020-09-21T00:56:03","guid":{"rendered":"http:\/\/primiciasclorinda.com\/?p=21161"},"modified":"2020-09-21T07:56:44","modified_gmt":"2020-09-21T10:56:44","slug":"formosa-no-registra-nuevos-casos-positivos-ni-sospechosos-de-coronavirus","status":"publish","type":"post","link":"https:\/\/primiciasclorinda.com\/?p=21161","title":{"rendered":"Formosa no registra nuevos casos positivos ni sospechosos de coronavirus"},"content":{"rendered":"<p style=\"text-align: justify;\">El Consejo de Atenci\u00f3n Integral de la Emergencia COVID-19 inform\u00f3 este domingo que en las \u00faltimas 24 horas se realizaron 199 test de vigilancia y b\u00fasqueda activa de casos, todos ellos con resultado negativo a coronavirus. Asimismo, no se reportan casos sospechosos en base a los criterios del protocolo COVID-19.<\/p>\n<p style=\"text-align: justify;\">Los datos acumulados de la provincia hasta este domingo 20 de setiembre son los siguientes: total diagnosticados: 121 pacientes; total recuperados: 91 pacientes; casos activos: 20 (16 de ellos asintom\u00e1ticos); fallecimientos por coronavirus: cero; casos en tr\u00e1nsito con egreso de la provincia: ocho; casos extranjeros importados: dos. Se realizaron hasta la fecha 12.021 test con un 1,01% de positividad.<\/p>\n<p style=\"text-align: justify;\">Los n\u00fameros de las \u00faltimas 24 horas relativos a la tarea preventiva que lleva adelante la Polic\u00eda en toda la provincia, son los siguientes: ingreso de camiones de carga: 534; control en la v\u00eda p\u00fablica: 14.605 personas y 9.349 veh\u00edculos; infracciones: 167 veh\u00edculos por restricci\u00f3n de circulaci\u00f3n y patente; y 353 personas por restricci\u00f3n de circulaci\u00f3n y no uso de barbijo. Asimismo, se registr\u00f3 un ingreso irregular judicializado y tres incumplimientos de transportistas del corredor sanitario, m\u00e1s dos contactos en estudio. En cuanto a las fiestas privadas intervenidas, fueron 30.<\/p>\n<p style=\"text-align: justify;\">Comercios<\/p>\n<p style=\"text-align: justify;\">Por su parte, la Subsecretaria de Defensa al Consumidor y Usuario indic\u00f3 que en la semana fueron fiscalizados 17 comercios, labr\u00e1ndose cuatro actas de infracci\u00f3n con clausura preventiva de un comercio. A su vez, los controles bromatol\u00f3gicos realizados por la Municipalidad de Formosa incluyeron la inspecci\u00f3n de 105 comercios, labr\u00e1ndose 73 actas de infracci\u00f3n con secuestro de 250 productos y 120 litros de bebidas vencidas, adem\u00e1s de la clausura de 31 locales por venta de bebidas alcoh\u00f3licas y atenci\u00f3n fuera del horario habilitado.<\/p>\n<p style=\"text-align: justify;\">Dengue<\/p>\n<p style=\"text-align: justify;\">En relaci\u00f3n a la lucha contra el dengue, este lunes 21 de septiembre se realizar\u00e1n las siguientes tareas: control de focos y tratamiento con larvicidas en los barrios Toba de Ingeniero Ju\u00e1rez; Eva Per\u00f3n y La Bomba de Las Lomitas; Stella Maris y El Palomar de la ciudad de Formosa Capital.<\/p>\n<p style=\"text-align: justify;\">Los trabajos de descacharrizado se llevar\u00e1n a cabo en los barrios San Juan 1 y 2 en conjunto con el municipio capitalino y en los barrios Las Orqu\u00eddeas y Los Inmigrantes, en conjunto con Vialidad Provincial.<\/p>\n<p style=\"text-align: justify;\">Aniversario del Hospital Central<\/p>\n<p style=\"text-align: justify;\">El Consejo record\u00f3 que este domingo se celebra el aniversario 106 de la creaci\u00f3n del Hospital Central \u201cDr. Ram\u00f3n Carrillo\u201d de esta ciudad, \u00e1mbito de formaci\u00f3n de m\u00e9dicos, enfermeros y t\u00e9cnicos, tanto de Formosa como de otras provincias que hicieron de este nosocomio una instituci\u00f3n se\u00f1era y pilar de la salud p\u00fablica formose\u00f1a.<\/p>\n<p style=\"text-align: justify;\">\u201cVaya el saludo y homenaje de toda la comunidad al querido Hospital Central y a todo el personal que all\u00ed se desempe\u00f1\u00f3 en alg\u00fan momento y se desempe\u00f1a en la actualidad cuidando de la salud y la vida de todos los formose\u00f1os y de todas las formose\u00f1as que acudieron y acuden a sus instalaciones en b\u00fasqueda de salud\u201d, expresaron desde el Consejo.<\/p>\n<p style=\"text-align: justify;\">Asimismo, saludaron a todos los jubilados y a todas las jubiladas del territorio provincial al celebrar su d\u00eda, cerrando la conferencia con la exhortaci\u00f3n: \u201cNo bajemos los brazos. M\u00e1s unidos que nunca. M\u00e1s firmes que nunca. En Formosa, no se rinde nadie\u201d.<\/p>\n","protected":false},"excerpt":{"rendered":"<div class=\"mh-excerpt\"><p>El Consejo de Atenci\u00f3n Integral de la Emergencia COVID-19 inform\u00f3 este domingo que en las \u00faltimas 24 horas se realizaron 199 test de vigilancia y <a class=\"mh-excerpt-more\" href=\"https:\/\/primiciasclorinda.com\/?p=21161\" title=\"Formosa no registra nuevos casos positivos ni sospechosos de coronavirus\">[&#8230;]<\/a><\/p>\n<\/div>","protected":false},"author":3,"featured_media":21162,"comment_status":"open","ping_status":"open","sticky":false,"template":"","format":"standard","meta":{"footnotes":""},"categories":[4,3],"tags":[2870,3023,23],"class_list":["post-21161","post","type-post","status-publish","format-standard","has-post-thumbnail","hentry","category-informacion-general","category-politica-economia","tag-coronavirus","tag-covid19","tag-formosa"],"_links":{"self":[{"href":"https:\/\/primiciasclorinda.com\/index.php?rest_route=\/wp\/v2\/posts\/21161","targetHints":{"allow":["GET"]}}],"collection":[{"href":"https:\/\/primiciasclorinda.com\/index.php?rest_route=\/wp\/v2\/posts"}],"about":[{"href":"https:\/\/primiciasclorinda.com\/index.php?rest_route=\/wp\/v2\/types\/post"}],"author":[{"embeddable":true,"href":"https:\/\/primiciasclorinda.com\/index.php?rest_route=\/wp\/v2\/users\/3"}],"replies":[{"embeddable":true,"href":"https:\/\/primiciasclorinda.com\/index.php?rest_route=%2Fwp%2Fv2%2Fcomments&post=21161"}],"version-history":[{"count":1,"href":"https:\/\/primiciasclorinda.com\/index.php?rest_route=\/wp\/v2\/posts\/21161\/revisions"}],"predecessor-version":[{"id":21163,"href":"https:\/\/primiciasclorinda.com\/index.php?rest_route=\/wp\/v2\/posts\/21161\/revisions\/21163"}],"wp:featuredmedia":[{"embeddable":true,"href":"https:\/\/primiciasclorinda.com\/index.php?rest_route=\/wp\/v2\/media\/21162"}],"wp:attachment":[{"href":"https:\/\/primiciasclorinda.com\/index.php?rest_route=%2Fwp%2Fv2%2Fmedia&parent=21161"}],"wp:term":[{"taxonomy":"category","embeddable":true,"href":"https:\/\/primiciasclorinda.com\/index.php?rest_route=%2Fwp%2Fv2%2Fcategories&post=21161"},{"taxonomy":"post_tag","embeddable":true,"href":"https:\/\/primiciasclorinda.com\/index.php?rest_route=%2Fwp%2Fv2%2Ftags&post=21161"}],"curies":[{"name":"wp","href":"https:\/\/api.w.org\/{rel}","templated":true}]}}