{"id":21145,"date":"2020-09-18T16:15:31","date_gmt":"2020-09-18T19:15:31","guid":{"rendered":"http:\/\/primiciasclorinda.com\/?p=21145"},"modified":"2020-09-18T16:16:19","modified_gmt":"2020-09-18T19:16:19","slug":"se-confirmo-un-nuevo-caso-positivo-se-trata-de-uno-de-los-contactos-estrechos-de-la-rinconada","status":"publish","type":"post","link":"https:\/\/primiciasclorinda.com\/?p=21145","title":{"rendered":"Se confirm\u00f3 un nuevo caso positivo, se trata de uno de los contactos estrechos de La Rinconada"},"content":{"rendered":"<p style=\"text-align: justify;\">En la conferencia de prensa de este viernes, el Consejo de Atenci\u00f3n Integral a la Emergencia COVID-19 inform\u00f3 que en las \u00faltimas 24 hs se analizaron 286 testeos, arrojando 1 de ellos resultado positivo a coronavirus.<\/p>\n<p style=\"text-align: justify;\">Se trata del caso sospechoso informado en el dia de ayer de un hombre de 44 a\u00f1os, aislado en un centro de aislamiento por ser contacto de un caso positivo previo. El d\u00eda 12 de septiembre tuvo resultado negativo y en el d\u00eda del cumplimiento de cuarentena tuvo s\u00edntomas (dolor abdominal y cefalea). Estaba asilado en el Hospital Central. Fue trasladado al hospital Evita, donde est\u00e1 internado en buen estado general.<\/p>\n<p style=\"text-align: justify;\">Dan de alta a una paciente que ingres\u00f3 irregularmente<br \/>\nSe dar\u00e1 de alta a una paciente mujer de 53 a\u00f1os, que tuvo dos an\u00e1lisis con resultado negativo a coronavirus por lo tanto no reviste riesgo para su familia ni la comunidad en general.<\/p>\n<p style=\"text-align: justify;\">Siendo el caso del alta m\u00e9dica referido a una persona que ingres\u00f3 a la provincia por un paso no habilitado; esta persona ser\u00e1 notificada de la factura de gastos correspondiente. Igual notificaci\u00f3n se remite al consulado paraguayo en relaci\u00f3n a las atenciones m\u00e9dicas de la ciudadana que recibi\u00f3 el alta m\u00e9dica recientemente.<\/p>\n<p style=\"text-align: justify;\">Operan a un paciente<br \/>\nSera intervenido quir\u00fargicamente uno de los pacientes internados en el hospital evita. Se trata del paciente de 81 a\u00f1os oriundo de Clorinda, que se encuentra estable y sin s\u00edntomas relativos al Covid-19 que en el control cl\u00ednico presento una arritmia cardiaca. El quipo medico tom\u00f3 la decisi\u00f3n de colocar un marcapaso.<\/p>\n<p style=\"text-align: justify;\">Datos acumulados<br \/>\nLos datos acumulados de la provincia a d\u00eda de hoy son los siguientes:<\/p>\n<p style=\"text-align: justify;\">\u2022 Total diagnosticados: 113<\/p>\n<p style=\"text-align: justify;\">\u2022 Total recuperados: 91<\/p>\n<p style=\"text-align: justify;\">\u2022 Casos activos: 12 (asintom\u00e1ticos 9)<\/p>\n<p style=\"text-align: justify;\">\u2022 Casos en tr\u00e1nsito con egreso de la provincia: 8<\/p>\n<p style=\"text-align: justify;\">\u2022 Casos extranjeros importados: 2<\/p>\n<p style=\"text-align: justify;\">\u2022 Cantidad de test realizados a la fecha: 11.591 (0,97% de positividad).<\/p>\n","protected":false},"excerpt":{"rendered":"<div class=\"mh-excerpt\"><p>En la conferencia de prensa de este viernes, el Consejo de Atenci\u00f3n Integral a la Emergencia COVID-19 inform\u00f3 que en las \u00faltimas 24 hs se <a class=\"mh-excerpt-more\" href=\"https:\/\/primiciasclorinda.com\/?p=21145\" title=\"Se confirm\u00f3 un nuevo caso positivo, se trata de uno de los contactos estrechos de La Rinconada\">[&#8230;]<\/a><\/p>\n<\/div>","protected":false},"author":3,"featured_media":21146,"comment_status":"open","ping_status":"open","sticky":false,"template":"","format":"standard","meta":{"footnotes":""},"categories":[4,3],"tags":[2870,3023,23],"class_list":["post-21145","post","type-post","status-publish","format-standard","has-post-thumbnail","hentry","category-informacion-general","category-politica-economia","tag-coronavirus","tag-covid19","tag-formosa"],"_links":{"self":[{"href":"https:\/\/primiciasclorinda.com\/index.php?rest_route=\/wp\/v2\/posts\/21145","targetHints":{"allow":["GET"]}}],"collection":[{"href":"https:\/\/primiciasclorinda.com\/index.php?rest_route=\/wp\/v2\/posts"}],"about":[{"href":"https:\/\/primiciasclorinda.com\/index.php?rest_route=\/wp\/v2\/types\/post"}],"author":[{"embeddable":true,"href":"https:\/\/primiciasclorinda.com\/index.php?rest_route=\/wp\/v2\/users\/3"}],"replies":[{"embeddable":true,"href":"https:\/\/primiciasclorinda.com\/index.php?rest_route=%2Fwp%2Fv2%2Fcomments&post=21145"}],"version-history":[{"count":1,"href":"https:\/\/primiciasclorinda.com\/index.php?rest_route=\/wp\/v2\/posts\/21145\/revisions"}],"predecessor-version":[{"id":21147,"href":"https:\/\/primiciasclorinda.com\/index.php?rest_route=\/wp\/v2\/posts\/21145\/revisions\/21147"}],"wp:featuredmedia":[{"embeddable":true,"href":"https:\/\/primiciasclorinda.com\/index.php?rest_route=\/wp\/v2\/media\/21146"}],"wp:attachment":[{"href":"https:\/\/primiciasclorinda.com\/index.php?rest_route=%2Fwp%2Fv2%2Fmedia&parent=21145"}],"wp:term":[{"taxonomy":"category","embeddable":true,"href":"https:\/\/primiciasclorinda.com\/index.php?rest_route=%2Fwp%2Fv2%2Fcategories&post=21145"},{"taxonomy":"post_tag","embeddable":true,"href":"https:\/\/primiciasclorinda.com\/index.php?rest_route=%2Fwp%2Fv2%2Ftags&post=21145"}],"curies":[{"name":"wp","href":"https:\/\/api.w.org\/{rel}","templated":true}]}}