{"id":21120,"date":"2020-09-17T16:10:22","date_gmt":"2020-09-17T19:10:22","guid":{"rendered":"http:\/\/primiciasclorinda.com\/?p=21120"},"modified":"2020-09-17T16:10:22","modified_gmt":"2020-09-17T19:10:22","slug":"insfran-el-unico-interes-es-salvar-vidas-y-evitar-el-impacto-de-esta-pandemia","status":"publish","type":"post","link":"https:\/\/primiciasclorinda.com\/?p=21120","title":{"rendered":"Insfr\u00e1n: \u201cEl \u00fanico inter\u00e9s es salvar vidas y evitar el impacto de esta pandemia\u201d"},"content":{"rendered":"<p style=\"text-align: justify;\">El primer mandatario particip\u00f3 del acto de entrega de 40 viviendas en Siete Palmas, donde afirm\u00f3 que \u201choy hay un solo camino defender la vida\u201d.<\/p>\n<p style=\"text-align: justify;\">El gobernador de Formosa Gildo Insfr\u00e1n particip\u00f3 este mi\u00e9rcoles por la ma\u00f1ana del acto de entrega de 40 viviendas en la localidad de Siete Palmas, a trav\u00e9s de videoconferencia por la pandemia de coronavirus, durante el cual ratific\u00f3 las medidas sanitarias adoptadas en la provincia, desde el Consejo de Atenci\u00f3n Integral de la Emergencia COVID-19, ya que \u201cel \u00fanico inter\u00e9s es salvar vidas y evitar el impacto de esta pandemia mundial\u201d.<\/p>\n<p style=\"text-align: justify;\">El primer mandatario, desde su despacho de la Casa de Gobierno, dirigi\u00f3 su discurso, donde en un primer t\u00e9rmino salud\u00f3 a las 40 familias adjudicatarias, a quienes les dijo: \u201cToda mi estima y gratitud de siempre, mi mayor deseo hubiera sido estar compartiendo con ustedes este important\u00edsimo acto\u201d.<\/p>\n<p style=\"text-align: justify;\">All\u00ed, puntualiz\u00f3 que se trata de un acto de amor, \u201cpor la trascendencia extraordinaria porque es el lugar donde 40 familias de Siete Palmas resuelven sus problemas habitacionales\u201d, para al mismo tiempo hacer notar que entre las autoridades presentes en la localidad del departamento Pilcomayo se encontrada el diputado provincial Roberto Vizca\u00edno, por quien dijo: \u201c\u00c9l est\u00e1 representando a los pobladores de Ram\u00f3n Lista, que junto a ustedes, el oeste y el noreste formose\u00f1o se dan un abrazo de amor\u201d.<\/p>\n<p style=\"text-align: justify;\">Y sigui\u00f3: \u201cEse abrazo de amor que est\u00e1 plasmado con esas aguas que recibimos del desborde del r\u00edo Pilcomayo que forma el Ba\u00f1ado La Estrella mediante la obra hidrovial de la RP N\u00ba 28, y El Porte\u00f1o que abastece de agua a toda esa zona. Tambi\u00e9n la reactivaci\u00f3n del Riacho He H\u00e9, todas estas obras tienen un significado netamente de amor porque resuelve el problema de vieja data y m\u00e1s a\u00fan cobra relevancia por el momento que estamos viviendo\u201d.<\/p>\n<p style=\"text-align: justify;\">Justamente, al referirse a la profunda sequ\u00eda en todo el territorio provincial, en el pa\u00eds y en vastas regiones del continente sudamericano, \u201csin embargo en Formosa podemos garantizar gracias a la prevenci\u00f3n de estas obras, el mantenimiento de la provisi\u00f3n de agua potable, agua dulce para nuestra gente\u201d.<\/p>\n<p style=\"text-align: justify;\">Seguidamente, se refiri\u00f3 al contexto de la pandemia al asegurar que \u201cestamos viviendo los argentinos y el mundo entero momentos dif\u00edciles, para muchos incomprensibles; pero para quien les habla la situaci\u00f3n es muy clara: hoy hay un solo camino defender la vida\u201d, mientras que \u201cpara aquellos que err\u00f3neamente piensan en procesos electorales con aptitudes negacionistas y quieren llevar agua para su molino les pido que recapaciten\u201d, exhort\u00f3 el titular del PEP.<\/p>\n<p style=\"text-align: justify;\">Luego, de manera categ\u00f3rica, sostuvo que las medidas que se toman desde el Consejo de Atenci\u00f3n Integral de la Emergencia COVID-19 \u201cson todas medidas sanitarias, ninguna son medidas de tinte partidaria ni nada por el estilo. El \u00fanico inter\u00e9s es salvar vidas y evitar que el impacto de esta pandemia, que afecta al mundo, porque debemos mirar lo que pasa en nuestro pa\u00eds, o tambi\u00e9n ver hoy lo que pasa en esta regi\u00f3n del continente. Tambi\u00e9n las noticias que recibimos de pa\u00edses lejanos, donde ya hab\u00eda pasado el virus y volvieron a reinfectarse, para de esa manera poder poner en valor lo que se est\u00e1 haciendo en Formosa\u201d.<\/p>\n<p style=\"text-align: justify;\">\u201cPor eso les pido que recapaciten\u201d, exhort\u00f3, marcando que entiende que para algunos \u201cpueden ser desagradables porque queremos llevar una vida absolutamente normal, y cr\u00e9anme que dentro de todos los males que est\u00e1n ocurriendo a causa de esta pandemia en Formosa llevamos casi pr\u00e1cticamente una vida normal\u201d.<\/p>\n<p style=\"text-align: justify;\">\u201cTenemos algunas restricciones para ir protegi\u00e9ndonos porque es l\u00f3gico, pero yo quisiera que tomen conciencia de lo que est\u00e1 pasando\u201d, continu\u00f3.<\/p>\n<p style=\"text-align: justify;\">All\u00ed, describi\u00f3 las consecuencias de la pandemia como ser \u201clugares donde el servicio de salud ha colapsado, cuando vemos la cantidad de muertos y que ya se ha naturalizado esa situaci\u00f3n. Tambi\u00e9n cuando vemos fosas comunes para nuestros difuntos, o que ya no hay camas y son atendidos en una silla y donde los trabajadores de la salud est\u00e1n haciendo hasta lo imposible\u201d, pero que frente a la actitud negacionista de aquellos que niegan la realidad \u201ces un problema sociol\u00f3gico\u201d. \u201cPorque, l\u00f3gico, no podemos dar una respuesta desde el punto de vista sanitario ni social, sino que es un problema sociol\u00f3gico\u201d, se explay\u00f3.<\/p>\n<p style=\"text-align: justify;\">Finalmente, el gobernador Insfr\u00e1n les envi\u00f3 un mensaje a las 40 familias que alcanzaron el sue\u00f1o de la casa propia en Siete Palmas: \u201cPara ustedes el cari\u00f1o de siempre, mi deseo es que disfruten de su nuevo espacio\u201d, recordando que el lugar donde se construy\u00f3 el nuevo n\u00facleo habitacional por parte del Instituto Provincial de la Vivienda (IPV) era antiguamente la chacra de un hombre que viv\u00eda en frente antes de llegar al puente Paredes, \u201csi es as\u00ed, hoy su chacra est\u00e1 convertida en viviendas para albergar 40 familias de Siete Palmas\u2026 hasta siempre, muchas gracias\u201d.<\/p>\n","protected":false},"excerpt":{"rendered":"<div class=\"mh-excerpt\"><p>El primer mandatario particip\u00f3 del acto de entrega de 40 viviendas en Siete Palmas, donde afirm\u00f3 que \u201choy hay un solo camino defender la vida\u201d. <a class=\"mh-excerpt-more\" href=\"https:\/\/primiciasclorinda.com\/?p=21120\" title=\"Insfr\u00e1n: \u201cEl \u00fanico inter\u00e9s es salvar vidas y evitar el impacto de esta pandemia\u201d\">[&#8230;]<\/a><\/p>\n<\/div>","protected":false},"author":3,"featured_media":21121,"comment_status":"open","ping_status":"open","sticky":false,"template":"","format":"standard","meta":{"footnotes":""},"categories":[3],"tags":[23,18],"class_list":["post-21120","post","type-post","status-publish","format-standard","has-post-thumbnail","hentry","category-politica-economia","tag-formosa","tag-gildo-insfran"],"_links":{"self":[{"href":"https:\/\/primiciasclorinda.com\/index.php?rest_route=\/wp\/v2\/posts\/21120","targetHints":{"allow":["GET"]}}],"collection":[{"href":"https:\/\/primiciasclorinda.com\/index.php?rest_route=\/wp\/v2\/posts"}],"about":[{"href":"https:\/\/primiciasclorinda.com\/index.php?rest_route=\/wp\/v2\/types\/post"}],"author":[{"embeddable":true,"href":"https:\/\/primiciasclorinda.com\/index.php?rest_route=\/wp\/v2\/users\/3"}],"replies":[{"embeddable":true,"href":"https:\/\/primiciasclorinda.com\/index.php?rest_route=%2Fwp%2Fv2%2Fcomments&post=21120"}],"version-history":[{"count":1,"href":"https:\/\/primiciasclorinda.com\/index.php?rest_route=\/wp\/v2\/posts\/21120\/revisions"}],"predecessor-version":[{"id":21122,"href":"https:\/\/primiciasclorinda.com\/index.php?rest_route=\/wp\/v2\/posts\/21120\/revisions\/21122"}],"wp:featuredmedia":[{"embeddable":true,"href":"https:\/\/primiciasclorinda.com\/index.php?rest_route=\/wp\/v2\/media\/21121"}],"wp:attachment":[{"href":"https:\/\/primiciasclorinda.com\/index.php?rest_route=%2Fwp%2Fv2%2Fmedia&parent=21120"}],"wp:term":[{"taxonomy":"category","embeddable":true,"href":"https:\/\/primiciasclorinda.com\/index.php?rest_route=%2Fwp%2Fv2%2Fcategories&post=21120"},{"taxonomy":"post_tag","embeddable":true,"href":"https:\/\/primiciasclorinda.com\/index.php?rest_route=%2Fwp%2Fv2%2Ftags&post=21120"}],"curies":[{"name":"wp","href":"https:\/\/api.w.org\/{rel}","templated":true}]}}