{"id":21117,"date":"2020-09-17T16:08:21","date_gmt":"2020-09-17T19:08:21","guid":{"rendered":"http:\/\/primiciasclorinda.com\/?p=21117"},"modified":"2020-09-17T16:08:21","modified_gmt":"2020-09-17T19:08:21","slug":"profesionales-del-derecho-juraron-en-el-consejo-profesional-de-la-abogacia","status":"publish","type":"post","link":"https:\/\/primiciasclorinda.com\/?p=21117","title":{"rendered":"Profesionales del Derecho juraron en el Consejo Profesional de la Abogac\u00eda"},"content":{"rendered":"<p style=\"text-align: justify;\">En un acto realizado el pasado mi\u00e9rcoles 16 de septiembre en horas de la ma\u00f1ana, en la sede del Consejo Profesional de la Abogac\u00eda de Formosa, ocho flamantes profesionales del derecho tomaron juramento y de esta manera se incorporan a la matr\u00edcula la prestigiosa instituci\u00f3n.<\/p>\n<p style=\"text-align: justify;\">La ceremonia estuvo encabezada por la Presidenta del Consejo Profesional de la Abogac\u00eda, Doctora Olga Yanzi, acompa\u00f1ada por la Doctora Yanina Estigarribia, titular de la Comisi\u00f3n de J\u00f3venes Abogados y el Doctor Sebasti\u00e1n Lezcano.<\/p>\n<p style=\"text-align: justify;\">Por la situaci\u00f3n de pandemia mundial por el Covid-19, se instrument\u00f3 un protocolo sanitario adoptando totas las medidas dispuestas por el Consejo de Atenci\u00f3n Integral de la Emergencia. Se implement\u00f3 el uso de barbijos, higienizaci\u00f3n de manos y distanciamiento.<\/p>\n<p style=\"text-align: justify;\">Cabe recordar que dicho Consejo Profesional, viene organizando desde el mes pasado, actos de similares caracter\u00edsticas (bajo estricto protocolo de sanidad), en los cuales se han tomado juramento a nuevos profesionales del derecho, tanto de la Capital Provincial, como del Interior.<\/p>\n<p style=\"text-align: justify;\">As\u00ed entonces, la instituci\u00f3n, destaca que a pesar del dif\u00edcil momento que atraviesa la humanidad por la pandemia, la marcha de las actividades no cesa; y el acompa\u00f1amiento a los profesionales es constante.<\/p>\n<p style=\"text-align: justify;\">Se facilitan tr\u00e1mites a los matriculados del interior que no se pueden movilizar, se organizan cursos online y se evac\u00faan inquietudes brindando las soluciones posibles ante cualquier tipo de consultas por v\u00eda de las herramientas tecnol\u00f3gicas.<\/p>\n","protected":false},"excerpt":{"rendered":"<div class=\"mh-excerpt\"><p>En un acto realizado el pasado mi\u00e9rcoles 16 de septiembre en horas de la ma\u00f1ana, en la sede del Consejo Profesional de la Abogac\u00eda de <a class=\"mh-excerpt-more\" href=\"https:\/\/primiciasclorinda.com\/?p=21117\" title=\"Profesionales del Derecho juraron en el Consejo Profesional de la Abogac\u00eda\">[&#8230;]<\/a><\/p>\n<\/div>","protected":false},"author":3,"featured_media":21118,"comment_status":"open","ping_status":"open","sticky":false,"template":"","format":"standard","meta":{"footnotes":""},"categories":[4],"tags":[1679,23],"class_list":["post-21117","post","type-post","status-publish","format-standard","has-post-thumbnail","hentry","category-informacion-general","tag-consejo-profesional-de-la-abogacia","tag-formosa"],"_links":{"self":[{"href":"https:\/\/primiciasclorinda.com\/index.php?rest_route=\/wp\/v2\/posts\/21117","targetHints":{"allow":["GET"]}}],"collection":[{"href":"https:\/\/primiciasclorinda.com\/index.php?rest_route=\/wp\/v2\/posts"}],"about":[{"href":"https:\/\/primiciasclorinda.com\/index.php?rest_route=\/wp\/v2\/types\/post"}],"author":[{"embeddable":true,"href":"https:\/\/primiciasclorinda.com\/index.php?rest_route=\/wp\/v2\/users\/3"}],"replies":[{"embeddable":true,"href":"https:\/\/primiciasclorinda.com\/index.php?rest_route=%2Fwp%2Fv2%2Fcomments&post=21117"}],"version-history":[{"count":1,"href":"https:\/\/primiciasclorinda.com\/index.php?rest_route=\/wp\/v2\/posts\/21117\/revisions"}],"predecessor-version":[{"id":21119,"href":"https:\/\/primiciasclorinda.com\/index.php?rest_route=\/wp\/v2\/posts\/21117\/revisions\/21119"}],"wp:featuredmedia":[{"embeddable":true,"href":"https:\/\/primiciasclorinda.com\/index.php?rest_route=\/wp\/v2\/media\/21118"}],"wp:attachment":[{"href":"https:\/\/primiciasclorinda.com\/index.php?rest_route=%2Fwp%2Fv2%2Fmedia&parent=21117"}],"wp:term":[{"taxonomy":"category","embeddable":true,"href":"https:\/\/primiciasclorinda.com\/index.php?rest_route=%2Fwp%2Fv2%2Fcategories&post=21117"},{"taxonomy":"post_tag","embeddable":true,"href":"https:\/\/primiciasclorinda.com\/index.php?rest_route=%2Fwp%2Fv2%2Ftags&post=21117"}],"curies":[{"name":"wp","href":"https:\/\/api.w.org\/{rel}","templated":true}]}}