{"id":21106,"date":"2020-09-16T22:19:54","date_gmt":"2020-09-17T01:19:54","guid":{"rendered":"http:\/\/primiciasclorinda.com\/?p=21106"},"modified":"2020-09-16T22:19:54","modified_gmt":"2020-09-17T01:19:54","slug":"convocan-por-redes-sociales-a-manifestarse-contra-el-bloqueo-de-clorinda","status":"publish","type":"post","link":"https:\/\/primiciasclorinda.com\/?p=21106","title":{"rendered":"Convocan por redes sociales a manifestarse contra el bloqueo de Clorinda"},"content":{"rendered":"<p style=\"text-align: justify;\">La ciudad estuvo 15 d\u00edas bloqueada debido a los casos de Covid19 positivos relacionados a la mujer que ingres\u00f3 desde el Paraguay y trabaj\u00f3 en la feria de la calle Buenos Aires, antes de esto tambi\u00e9n hab\u00eda estado aislada mientras el barrio Porte\u00f1o Norte corri\u00f3 con la suerte de estar tambi\u00e9n 15 d\u00edas bloqueado. El lunes en la conferencia habitual del Consejo del Covid19, se volvi\u00f3 a decidir otro nuevo bloqueo por tiempo indefinido. Esto produjo mucho malestar en un gran sector de la ciudad y es por esto que se convoca a una manifestaci\u00f3n para el d\u00eda viernes a las 10 horas frente al palacio comunal. La misma no tiene una figura detr\u00e1s y se orquest\u00f3 desde las redes sociales y grupos de whatshapp.<\/p>\n<p style=\"text-align: justify;\">La manifestaci\u00f3n pacifica dicen, ser\u00e1 el viernes a las 10 horas frente al Municipio local, con la consigna de basta de bloqueos para Clorinda.<\/p>\n","protected":false},"excerpt":{"rendered":"<div class=\"mh-excerpt\"><p>La ciudad estuvo 15 d\u00edas bloqueada debido a los casos de Covid19 positivos relacionados a la mujer que ingres\u00f3 desde el Paraguay y trabaj\u00f3 en <a class=\"mh-excerpt-more\" href=\"https:\/\/primiciasclorinda.com\/?p=21106\" title=\"Convocan por redes sociales a manifestarse contra el bloqueo de Clorinda\">[&#8230;]<\/a><\/p>\n<\/div>","protected":false},"author":3,"featured_media":21107,"comment_status":"open","ping_status":"open","sticky":false,"template":"","format":"standard","meta":{"footnotes":""},"categories":[4,3],"tags":[3323,3289,26],"class_list":["post-21106","post","type-post","status-publish","format-standard","has-post-thumbnail","hentry","category-informacion-general","category-politica-economia","tag-bloqueo-a-clorinda","tag-ciudad-bloqueada","tag-clorinda"],"_links":{"self":[{"href":"https:\/\/primiciasclorinda.com\/index.php?rest_route=\/wp\/v2\/posts\/21106","targetHints":{"allow":["GET"]}}],"collection":[{"href":"https:\/\/primiciasclorinda.com\/index.php?rest_route=\/wp\/v2\/posts"}],"about":[{"href":"https:\/\/primiciasclorinda.com\/index.php?rest_route=\/wp\/v2\/types\/post"}],"author":[{"embeddable":true,"href":"https:\/\/primiciasclorinda.com\/index.php?rest_route=\/wp\/v2\/users\/3"}],"replies":[{"embeddable":true,"href":"https:\/\/primiciasclorinda.com\/index.php?rest_route=%2Fwp%2Fv2%2Fcomments&post=21106"}],"version-history":[{"count":1,"href":"https:\/\/primiciasclorinda.com\/index.php?rest_route=\/wp\/v2\/posts\/21106\/revisions"}],"predecessor-version":[{"id":21108,"href":"https:\/\/primiciasclorinda.com\/index.php?rest_route=\/wp\/v2\/posts\/21106\/revisions\/21108"}],"wp:featuredmedia":[{"embeddable":true,"href":"https:\/\/primiciasclorinda.com\/index.php?rest_route=\/wp\/v2\/media\/21107"}],"wp:attachment":[{"href":"https:\/\/primiciasclorinda.com\/index.php?rest_route=%2Fwp%2Fv2%2Fmedia&parent=21106"}],"wp:term":[{"taxonomy":"category","embeddable":true,"href":"https:\/\/primiciasclorinda.com\/index.php?rest_route=%2Fwp%2Fv2%2Fcategories&post=21106"},{"taxonomy":"post_tag","embeddable":true,"href":"https:\/\/primiciasclorinda.com\/index.php?rest_route=%2Fwp%2Fv2%2Ftags&post=21106"}],"curies":[{"name":"wp","href":"https:\/\/api.w.org\/{rel}","templated":true}]}}