{"id":21051,"date":"2020-09-15T06:15:46","date_gmt":"2020-09-15T09:15:46","guid":{"rendered":"http:\/\/primiciasclorinda.com\/?p=21051"},"modified":"2020-09-15T06:15:46","modified_gmt":"2020-09-15T09:15:46","slug":"otras-315-personas-murieron-y-9-909-fueron-diagnosticadas-con-coronavirus-en-el-pais","status":"publish","type":"post","link":"https:\/\/primiciasclorinda.com\/?p=21051","title":{"rendered":"Otras 315 personas murieron y 9.909 fueron diagnosticadas con coronavirus en el pa\u00eds"},"content":{"rendered":"<p style=\"text-align: justify;\">Con esta cantidad suman 11.667 los fallecidos y 565.446 los contagiados desde el inicio de la pandemia, inform\u00f3 este lunes por la noche el Ministerio de Salud.<\/p>\n<p style=\"text-align: justify;\">Otras 315 personas murieron y 9.909 fueron reportadas con coronavirus en las \u00faltimas 24 horas en la Argentina, con lo que suman 11.667 los fallecidos y 565.446 los contagiados desde el inicio de la pandemia, inform\u00f3 hoy el Ministerio de Salud.<\/p>\n<p style=\"text-align: justify;\">La cartera sanitaria indic\u00f3 que son 2.992 los internados en unidades de terapia intensiva, con un porcentaje de ocupaci\u00f3n de camas de adultos de 59,6% en el pa\u00eds y del 68,4% en la \u00c1rea Metropolitana Buenos Aires.<\/p>\n<p style=\"text-align: justify;\">El 58,62% (5.809 personas) de las personas contagiadas reportadas hoy residen en la Ciudad o en la provincia de Buenos Aires.<\/p>\n<p style=\"text-align: justify;\">De los 565.446 contagiados, el 75,86% (428.953) recibi\u00f3 el alta.<\/p>\n<p style=\"text-align: justify;\">El reporte vespertino consign\u00f3 que murieron 166 hombres, 96 residentes en la provincia de Buenos Aires; 25 en la Ciudad de Buenos Aires; 4 en Chubut; 4 en C\u00f3rdoba; 5 en Jujuy; 4 en R\u00edo Negro; 4 en Salta; 11 en Santa Cruz; 10 en Santa Fe; 2 en Santiago del Estero y 1 en Tierra del Fuego.<\/p>\n<p style=\"text-align: justify;\">Adem\u00e1s, fallecieron 89 mujeres: 52 residentes en la provincia de Buenos Aires; 14 en la Ciudad de Buenos Aires; 2 en Chaco; 2 en Chubut; 3 en C\u00f3rdoba; 1 en Jujuy; 1 en Mendoza; 4 en R\u00edo Negro; 1 en Salta; 3 en Santa Cruz; 5 en Santa Fe y 1 en Tierra del Fuego.<\/p>\n<p style=\"text-align: justify;\">El parte matutino precis\u00f3 que fallecieron 32 hombres, 7 residentes en la provincia de Buenos Aires; 5 en la Ciudad de Buenos Aires; 13 en La Rioja; 3 en Jujuy; 1 en Neuqu\u00e9n; 2 en Mendoza; 1 en Santa Fe; y 28 mujeres, 4 residentes en la provincia de Buenos Aires; 9 en la ciudad de Buenos Aires; 1 en Jujuy; 1 en Neuqu\u00e9n; 11 en La Rioja, 1 en Chaco y 1 en Santa Cruz.<\/p>\n<p style=\"text-align: justify;\">Hoy se registraron en la provincia de Buenos Aires 4.863 casos; en la Ciudad de Buenos Aires, 946; en Catamarca, 5; en Chaco, 41; en Chubut, 39; en C\u00f3rdoba, 535; en Corrientes, 58; en Entre R\u00edos, 72; en Formosa, 1; Jujuy, 277; en La Pampa, 45; en La Rioja, 74; en Mendoza, 650; en Neuqu\u00e9n, 227; en R\u00edo Negro, 135; en Salta, 229; en San Luis, 49; en Santa Cruz, 39; en Santa Fe, 850; en Santiago del Estero, 81; en Tierra del Fuego, 72; y en Tucum\u00e1n 621.<\/p>\n<p style=\"text-align: justify;\">En tanto, Misiones y San Juan no reportaron nuevos contagios.<\/p>\n<p style=\"text-align: justify;\">El total de acumulados por distrito indica que la provincia de Buenos Aires suma 336.652 casos; la Ciudad de Buenos Aires, 111.846; Catamarca, 129; Chaco, 6.792; Chubut, 1.757; C\u00f3rdoba, 14.974; Corrientes, 718; Entre R\u00edos, 5.310; Formosa, 95; Jujuy, 12.399; La Pampa, 442; La Rioja, 2.882; Mendoza, 15.132; Misiones, 68; Neuqu\u00e9n, 5.039; R\u00edo Negro, 8.854; Salta, 6.994; San Juan, 417; San Luis, 432; Santa Cruz, 3.108; Santa Fe, 19.467; Santiago del Estero, 1.913; Tierra del Fuego, 2.777; y Tucum\u00e1n, 7.249.<\/p>\n<p style=\"text-align: justify;\">Adem\u00e1s, se incluyen, en Tierra del Fuego, 13 casos en las Islas Malvinas, seg\u00fan informaci\u00f3n de prensa debido a que, por la ocupaci\u00f3n ilegal del Reino Unido, Gran Breta\u00f1a e Irlanda del Norte, no es posible contar con informaci\u00f3n propia sobre el impacto de la Covid-19 en esa parte del territorio argentino.<\/p>\n<p style=\"text-align: justify;\">En este contexto, el jefe de Gabinete bonaerense, Carlos Bianco, sostuvo hoy que \u00abno est\u00e1n dadas las condiciones para hacer grandes cambios\u00bb en el esquema de aislamiento obligatorio que rige por la pandemia de coronavirus en el \u00c1rea Metropolitana de Buenos Aires (AMBA) hasta el pr\u00f3ximo 20 de septiembre.<\/p>\n<p style=\"text-align: justify;\">\u00abEsta semana se tiene que trabajar para tomar una decisi\u00f3n, para ver c\u00f3mo seguimos\u00bb, adelant\u00f3 el funcionario en declaraciones a Radio Provincia.<\/p>\n<p style=\"text-align: justify;\">Bianco precis\u00f3 que hay una ocupaci\u00f3n de camas \u00abde terapia intensiva del 65%\u00bb y consider\u00f3 que no se decidir\u00edan \u00abgrandes cambios porque la situaci\u00f3n no lo amerita\u00bb, pero remarc\u00f3 que \u00abes algo que se va a definir con el Gobierno nacional\u00bb.<\/p>\n<p style=\"text-align: justify;\">El funcionario puntualiz\u00f3 que \u00abel virus se porta desde el centro a la periferia y ahora est\u00e1 avanzando en forma importante en los distritos del interior\u00bb.<\/p>\n<p style=\"text-align: justify;\">Por su parte, el ministro de Salud bonaerense, Daniel Gollan, pidi\u00f3 hoy \u00abextremar las precauciones\u00bb para evitar contagios y \u00abcuidar a los trabajadores de la salud\u00bb en el marco de la pandemia de coronavirus, durante una rueda de prensa en la sede del Gobierno bonaerense junto a Bianco, para brindar precisiones sobre la situaci\u00f3n epidemiol\u00f3gica de la provincia.<\/p>\n<p style=\"text-align: justify;\">En tanto, la secretaria de Acceso a la Salud, Carla Vizzotti, se\u00f1al\u00f3 que por primera vez desde el inicio de la pandemia la Ciudad de Buenos Aires se ubic\u00f3 en tercer lugar en casos reportados, desplazada del segundo sitio por la provincia de Santa Fe.<\/p>\n<p style=\"text-align: justify;\">En este sentido, el ministro de Salud porte\u00f1o, Fern\u00e1n Quir\u00f3s, afirm\u00f3 que los casos de coronavirus en la ciudad de Buenos Aires \u00abvienen descendiendo d\u00eda a d\u00eda\u00bb en las \u00faltimas \u00abdos, tres semanas\u00bb, con una \u00abmeseta alta de entre 1.100 y 1.300 casos que lleva ya nueve semanas enteras\u00bb.<\/p>\n<p style=\"text-align: justify;\">En tanto, el Programa Sumar, que implementa el Ministerio de Salud nacional para asegurar el \u00abacceso equitativo y de calidad\u00bb sanitario para toda la poblaci\u00f3n que no posee cobertura a trav\u00e9s de obras sociales y prepagas, ya deriv\u00f3 m\u00e1s de 11.000 millones de pesos a las jurisdicciones provinciales para atender un universo de 17 millones de personas, inform\u00f3 el titular del Sumar, Luciano Pezzuchi.<\/p>\n<p style=\"text-align: justify;\">Durante la pandemia, los fondos del Programa Sumar tambi\u00e9n sirven para el \u00abfinanciamiento de la atenci\u00f3n ambulatoria y de internaci\u00f3n de personas sospechosas o confirmadas de Covid-19 en hospitales y cl\u00ednicas privadas\u00bb, agreg\u00f3 el funcionario.<\/p>\n<p style=\"text-align: justify;\">Por otra parte, el Ministerio de Educaci\u00f3n lanz\u00f3 hoy el programa \u201cAcompa\u00f1ar: Puentes de Igualdad\u201d para acercar herramientas y contenci\u00f3n para la reinserci\u00f3n escolar de ni\u00f1as, ni\u00f1os y adolescentes que hayan interrumpido su v\u00ednculo con la escuela a causa de la pandemia, se inform\u00f3 oficialmente.<\/p>\n<p style=\"text-align: justify;\">A nivel global, el mundo sobrepas\u00f3 hoy la marca de 29 millones de casos confirmados de coronavirus, que incluyen el r\u00e9cord de 308.000 nuevos contagios en las \u00faltimas 24 horas, seg\u00fan datos de la Universidad Johns Hopkins y la Organizaci\u00f3n Mundial de la Salud (OMS), que adelant\u00f3 que la pandemia se agravar\u00e1 en Europa en octubre y noviembre.<\/p>\n<p style=\"text-align: justify;\">El continente americano sigue siendo el m\u00e1s golpeado, con la tasa de crecimiento de la enfermedad enfocada en Am\u00e9rica latina.<\/p>\n<p style=\"text-align: justify;\">Con la curva de contagios no del todo controlada, Brasil cuenta con 131.625 muertos y es el segundo pa\u00eds con m\u00e1s decesos a nivel mundial, solo despu\u00e9s de Estados Unidos que registra 194.252.<\/p>\n<p style=\"text-align: justify;\">En tanto en Paraguay, la cifra total de muertos por coronavirus ascendi\u00f3 a 525 y los contagios se acercaron a los 28.000, inform\u00f3 la agencia de noticias EFE.<\/p>\n<p style=\"text-align: justify;\">Con 126.791 casos y 7.344 muertos totales, Bolivia tambi\u00e9n sufre un incremento de casos que no cesa desde fines de agosto, y Chile, uno de los pa\u00edses con m\u00e1s contagios de coronavirus (436.433), alcanz\u00f3 los 12.012 decesos tras sumar 64 en las \u00faltimas 24 horas, inform\u00f3 hoy el Ministerio de Salud.<\/p>\n<p style=\"text-align: justify;\">El n\u00famero de casos diarios aumenta a gran velocidad desde hace varias semanas particularmente en Espa\u00f1a y Francia.<\/p>\n<p style=\"text-align: justify;\">El viernes, los 55 pa\u00edses europeos de la OMS registraron 51.000 nuevos casos, una cifra superior a la alcanzada durante los picos de abril.<\/p>\n<p style=\"text-align: justify;\">El Reino Unido registr\u00f3 ayer 3.497 nuevos contagios y por primera vez desde mayo super\u00f3 los 3.000 en tres d\u00edas consecutivos.<\/p>\n","protected":false},"excerpt":{"rendered":"<div class=\"mh-excerpt\"><p>Con esta cantidad suman 11.667 los fallecidos y 565.446 los contagiados desde el inicio de la pandemia, inform\u00f3 este lunes por la noche el Ministerio <a class=\"mh-excerpt-more\" href=\"https:\/\/primiciasclorinda.com\/?p=21051\" title=\"Otras 315 personas murieron y 9.909 fueron diagnosticadas con coronavirus en el pa\u00eds\">[&#8230;]<\/a><\/p>\n<\/div>","protected":false},"author":3,"featured_media":19506,"comment_status":"open","ping_status":"open","sticky":false,"template":"","format":"standard","meta":{"footnotes":""},"categories":[4,3],"tags":[3123,3312],"class_list":["post-21051","post","type-post","status-publish","format-standard","has-post-thumbnail","hentry","category-informacion-general","category-politica-economia","tag-casos-de-covid19","tag-coronaviruisi"],"_links":{"self":[{"href":"https:\/\/primiciasclorinda.com\/index.php?rest_route=\/wp\/v2\/posts\/21051","targetHints":{"allow":["GET"]}}],"collection":[{"href":"https:\/\/primiciasclorinda.com\/index.php?rest_route=\/wp\/v2\/posts"}],"about":[{"href":"https:\/\/primiciasclorinda.com\/index.php?rest_route=\/wp\/v2\/types\/post"}],"author":[{"embeddable":true,"href":"https:\/\/primiciasclorinda.com\/index.php?rest_route=\/wp\/v2\/users\/3"}],"replies":[{"embeddable":true,"href":"https:\/\/primiciasclorinda.com\/index.php?rest_route=%2Fwp%2Fv2%2Fcomments&post=21051"}],"version-history":[{"count":1,"href":"https:\/\/primiciasclorinda.com\/index.php?rest_route=\/wp\/v2\/posts\/21051\/revisions"}],"predecessor-version":[{"id":21052,"href":"https:\/\/primiciasclorinda.com\/index.php?rest_route=\/wp\/v2\/posts\/21051\/revisions\/21052"}],"wp:featuredmedia":[{"embeddable":true,"href":"https:\/\/primiciasclorinda.com\/index.php?rest_route=\/wp\/v2\/media\/19506"}],"wp:attachment":[{"href":"https:\/\/primiciasclorinda.com\/index.php?rest_route=%2Fwp%2Fv2%2Fmedia&parent=21051"}],"wp:term":[{"taxonomy":"category","embeddable":true,"href":"https:\/\/primiciasclorinda.com\/index.php?rest_route=%2Fwp%2Fv2%2Fcategories&post=21051"},{"taxonomy":"post_tag","embeddable":true,"href":"https:\/\/primiciasclorinda.com\/index.php?rest_route=%2Fwp%2Fv2%2Ftags&post=21051"}],"curies":[{"name":"wp","href":"https:\/\/api.w.org\/{rel}","templated":true}]}}