{"id":20916,"date":"2020-09-07T20:14:25","date_gmt":"2020-09-07T23:14:25","guid":{"rendered":"http:\/\/primiciasclorinda.com\/?p=20916"},"modified":"2020-09-07T20:16:02","modified_gmt":"2020-09-07T23:16:02","slug":"romero-bruno-con-los-ocho-casos-reportados-no-podemos-decir-que-hay-transmision-comunitaria-en-clorinda","status":"publish","type":"post","link":"https:\/\/primiciasclorinda.com\/?p=20916","title":{"rendered":"Romero Bruno: \u201cCon los ocho casos reportados no podemos decir que hay transmisi\u00f3n comunitaria en Clorinda\u201d"},"content":{"rendered":"<p style=\"text-align: justify;\">El responsable de Epidemiolog\u00eda aclar\u00f3 que se deben esperan los resultados de los hisopados hechos durante el fin de semana en Clorinda, para tener un diagn\u00f3stico m\u00e1s completo.<\/p>\n<p style=\"text-align: justify;\">Durante una nueva conferencia de prensa del Consejo de Atenci\u00f3n Integral de la Emergencia COVID-19, el m\u00e9dico epidemi\u00f3logo Mario Romero Bruno, se refiri\u00f3 a la situaci\u00f3n sanitaria que atraviesa la ciudad de Clorinda y sostuvo que \u201chasta la fecha\u201d no existe transmisi\u00f3n comunitaria de coronavirus pero destac\u00f3 que aguardan los resultados de los testeos realizados durante el fin de semana para tener un diagn\u00f3stico m\u00e1s preciso.<\/p>\n<p style=\"text-align: justify;\">\u201cEn total son ocho casos que aparecieron y se diagnosticaron en Clorinda, asintom\u00e1ticos y que despu\u00e9s comenzaron a tener s\u00edntomas. Llam\u00f3 la atenci\u00f3n este periodo porque la mayor parte de los diagn\u00f3sticos que hemos hecho en Formosa fueron en un periodo asintom\u00e1tico, si bien despu\u00e9s de eso algunas personas manifestaron s\u00edntomas leves, como las que fueron diagnosticadas en Clorinda. Hay una etapa inicial de contagio\u201d, explic\u00f3.<\/p>\n<p style=\"text-align: justify;\">En este contexto, record\u00f3 que a partir del contacto con el virus, hay un periodo que dura de 5 a 14 d\u00edas, donde la persona no manifiesta s\u00edntomas, y esa etapa es el momento con m\u00e1s probabilidades de contagios.<\/p>\n<p style=\"text-align: justify;\">\u201cNosotros estamos diagnosticando tempranamente y esto por un lado evita la transmisi\u00f3n, que es por los contactos estrechos, que son los casos que analizamos en la ciudad de Clorinda y salieron negativos; pero est\u00e1n aislados los 14 d\u00edas porque es el tiempo que tiene que transcurrir para descartar que no tenga el virus con dos hisopados negativos\u201d, se\u00f1al\u00f3 el especialista.<br \/>\nEn ese sentido, manifest\u00f3 que \u201clos casos que tuvimos fueron aislados, los contactos estrechos est\u00e1n siendo analizados y como transmisi\u00f3n comunitaria no existe en este momento, no queremos que exista, porque si hay el riesgo es para todos\u201d.<\/p>\n<p style=\"text-align: justify;\">\u201cLa mortalidad puede ser tambi\u00e9n para todas las edades; entonces, tambi\u00e9n \u00e9ste es el riesgo al que nos exponemos si hay circulaci\u00f3n comunitaria\u201d, indic\u00f3.<\/p>\n<p style=\"text-align: justify;\">Y agreg\u00f3: \u201cEn este momento con los estudios preliminares, porque reci\u00e9n se est\u00e1 analizando el muestreo que se hizo este fin de semana de 824 testeos a los clorindenses, todav\u00eda no tenemos los resultados para tener el diagn\u00f3stico totalmente identificado\u201d.<\/p>\n<p style=\"text-align: justify;\">En esa l\u00ednea, el director de Epidemiolog\u00eda del Ministerio de Desarrollo Humano reiter\u00f3: \u201cHoy, con los ocho casos reportados no podemos decir que hay transmisi\u00f3n comunitaria, esperemos los resultados que est\u00e1n siendo analizados en el transcurso de los pr\u00f3ximos d\u00edas y tendremos el diagn\u00f3stico exacto\u201d.<\/p>\n<p style=\"text-align: justify;\">Y advirti\u00f3 que \u201cesto es din\u00e1mico\u201d, porque \u201cma\u00f1ana aparece una persona que no tiene ning\u00fan nexo con uno de los pacientes confirmados, ni con haber viajado o haber tenido contacto con alguien con contacto y esa persona nos pone en duda si es un caso transmitido comunitariamente\u201d, pero aclar\u00f3 que \u201choy por las fotos y los datos no podemos hablar de transmisi\u00f3n comunitaria\u201d.<\/p>\n<p style=\"text-align: justify;\">Recomendaci\u00f3n de la OMS<\/p>\n<p style=\"text-align: justify;\">En otro orden, Romero Bruno comparti\u00f3 un comunicado de la Organizaci\u00f3n Mundial de la Salud (OMS) que insta a la sociedad en general a profundizar las medidas de prevenci\u00f3n del COVID.<br \/>\n\u201cLa OMS es una organizaci\u00f3n que naci\u00f3 despu\u00e9s de la Segunda Guerra Mundial, justamente para proveer a todos los pa\u00edses la mejor informaci\u00f3n. Es un organismo respetado, avalado cient\u00edficamente y aunque muchas de sus decisiones han sido tard\u00edas porque nuclean a un mont\u00f3n de expertos, las decisiones que surgen son para proteger a la poblaci\u00f3n en general\u201d, anticip\u00f3.<br \/>\nEl Dr. Mario Romero Bruno expres\u00f3 que el documento habla de \u201clas tres C\u201d: evitar espacios cerrados, concurridos y contactos cercanos.<\/p>\n<p style=\"text-align: justify;\">\u201cVimos que en los lugares cerrados es donde f\u00e1cilmente las personas que permanezcan en espacios as\u00ed se pueden contagiar; los lugares concurridos, donde hay muchas personas, la aglomeraci\u00f3n; y los contactos cercanos que tiene que ver con respetar el distanciamiento por un lado y el cuidado personal de cada uno\u201d, desarroll\u00f3 el profesional.<\/p>\n<p style=\"text-align: justify;\">Resumi\u00f3 que el objetivo del comunicado es disminuir la cantidad de personas infectadas en todos los pa\u00edses y aliviar la presi\u00f3n que ejercen estos pacientes sobre los sistemas sanitarios, que en muchas provincias argentinas est\u00e1n sobresaturadas.<\/p>\n<p style=\"text-align: justify;\">\u201cEstas recomendaciones que volvemos a insistir tienen que ver con el cuidado personal, el distanciamiento, la utilizaci\u00f3n correcta de los barbijos, el lavado frecuente de manos. Seguiremos insistiendo porque es la manera de cuidarnos individualmente, en esto nos cae la manera de cuidarnos nosotros, proteger a los seres queridos y a nuestra comunidad\u201d, concluy\u00f3.<\/p>\n","protected":false},"excerpt":{"rendered":"<div class=\"mh-excerpt\"><p>El responsable de Epidemiolog\u00eda aclar\u00f3 que se deben esperan los resultados de los hisopados hechos durante el fin de semana en Clorinda, para tener un <a class=\"mh-excerpt-more\" href=\"https:\/\/primiciasclorinda.com\/?p=20916\" title=\"Romero Bruno: \u201cCon los ocho casos reportados no podemos decir que hay transmisi\u00f3n comunitaria en Clorinda\u201d\">[&#8230;]<\/a><\/p>\n<\/div>","protected":false},"author":3,"featured_media":20918,"comment_status":"open","ping_status":"open","sticky":false,"template":"","format":"standard","meta":{"footnotes":""},"categories":[4,3],"tags":[26,2870,3023],"class_list":["post-20916","post","type-post","status-publish","format-standard","has-post-thumbnail","hentry","category-informacion-general","category-politica-economia","tag-clorinda","tag-coronavirus","tag-covid19"],"_links":{"self":[{"href":"https:\/\/primiciasclorinda.com\/index.php?rest_route=\/wp\/v2\/posts\/20916","targetHints":{"allow":["GET"]}}],"collection":[{"href":"https:\/\/primiciasclorinda.com\/index.php?rest_route=\/wp\/v2\/posts"}],"about":[{"href":"https:\/\/primiciasclorinda.com\/index.php?rest_route=\/wp\/v2\/types\/post"}],"author":[{"embeddable":true,"href":"https:\/\/primiciasclorinda.com\/index.php?rest_route=\/wp\/v2\/users\/3"}],"replies":[{"embeddable":true,"href":"https:\/\/primiciasclorinda.com\/index.php?rest_route=%2Fwp%2Fv2%2Fcomments&post=20916"}],"version-history":[{"count":1,"href":"https:\/\/primiciasclorinda.com\/index.php?rest_route=\/wp\/v2\/posts\/20916\/revisions"}],"predecessor-version":[{"id":20917,"href":"https:\/\/primiciasclorinda.com\/index.php?rest_route=\/wp\/v2\/posts\/20916\/revisions\/20917"}],"wp:featuredmedia":[{"embeddable":true,"href":"https:\/\/primiciasclorinda.com\/index.php?rest_route=\/wp\/v2\/media\/20918"}],"wp:attachment":[{"href":"https:\/\/primiciasclorinda.com\/index.php?rest_route=%2Fwp%2Fv2%2Fmedia&parent=20916"}],"wp:term":[{"taxonomy":"category","embeddable":true,"href":"https:\/\/primiciasclorinda.com\/index.php?rest_route=%2Fwp%2Fv2%2Fcategories&post=20916"},{"taxonomy":"post_tag","embeddable":true,"href":"https:\/\/primiciasclorinda.com\/index.php?rest_route=%2Fwp%2Fv2%2Ftags&post=20916"}],"curies":[{"name":"wp","href":"https:\/\/api.w.org\/{rel}","templated":true}]}}