{"id":20872,"date":"2020-09-05T12:48:56","date_gmt":"2020-09-05T15:48:56","guid":{"rendered":"http:\/\/primiciasclorinda.com\/?p=20872"},"modified":"2020-09-05T13:05:14","modified_gmt":"2020-09-05T16:05:14","slug":"desde-el-lunes-reabre-el-comercio-en-general-hasta-las-13-horas","status":"publish","type":"post","link":"https:\/\/primiciasclorinda.com\/?p=20872","title":{"rendered":"Desde el lunes podr\u00e1n abrir sus puertas los comercios hasta las 13 horas"},"content":{"rendered":"<p style=\"text-align: justify;\">En contacto con Ernesto Veragua, conductor del programa Bien de S\u00e1bado, el Pte del HCD, Ariel Caniza confirm\u00f3 la informaci\u00f3n que desde el lunes los comercios podr\u00e1n abrir hasta las 13 horas en principio y que la medida se extender\u00e1 por una semana para ver como resulta y c\u00f3mo sigue la stiuaci\u00f3n epidemiol\u00f3gica en la ciudad. Esta informaci\u00f3n es importante debido a la cantidad de comerciantes que aguardaban alg\u00fan tipo de informaci\u00f3n a nivel local.<\/p>\n<p>La decisi\u00f3n la tom\u00f3 el Intendente de la ciudad, Manuel Celauro luego de varias reuniones informativas sobre el tema. La novedad y los detalles ser\u00e1n anunciados por el Intendente en los pr\u00f3ximos d\u00edas.<\/p>\n<p>Se exigir\u00e1n los protocolos de seguridad a cada comercio, los mismos deber\u00e1n hacer respetar la distancia, el uso de barbijo obligatorio y las recomendaciones al personal de cada comercio de la utilizaci\u00f3n constante del alcohol en gel y el lavado de manos.<\/p>\n<p style=\"text-align: justify;\">En contacto con Ernesto Veragua, el Pte del HCD inform\u00f3 que la medida ser\u00eda abarcativa para todos los comercios en general hasta las 13 horas. Luego se definir\u00e1n los rubros especiales como ser delibery y otras modalidades.<\/p>\n<p style=\"text-align: justify;\">El anuncio oficial se dar\u00e1 seguramente el lunes por la ma\u00f1ana, esto falta confirmar por este medio.<\/p>\n<p style=\"text-align: justify;\">Hay que decir que en el d\u00eda de hoy se realizan operativos de hisopado en varios barrios de la ciudad continuando as\u00ed la b\u00fasqueda activa de casos de Covid19.<\/p>\n<p style=\"text-align: justify;\">\n","protected":false},"excerpt":{"rendered":"<div class=\"mh-excerpt\"><p>En contacto con Ernesto Veragua, conductor del programa Bien de S\u00e1bado, el Pte del HCD, Ariel Caniza confirm\u00f3 la informaci\u00f3n que desde el lunes los <a class=\"mh-excerpt-more\" href=\"https:\/\/primiciasclorinda.com\/?p=20872\" title=\"Desde el lunes podr\u00e1n abrir sus puertas los comercios hasta las 13 horas\">[&#8230;]<\/a><\/p>\n<\/div>","protected":false},"author":3,"featured_media":20873,"comment_status":"open","ping_status":"open","sticky":false,"template":"","format":"standard","meta":{"footnotes":""},"categories":[4,3],"tags":[27,26,1051,3293,24],"class_list":["post-20872","post","type-post","status-publish","format-standard","has-post-thumbnail","hentry","category-informacion-general","category-politica-economia","tag-ariel-caniza","tag-clorinda","tag-comercios","tag-cuarentna","tag-manuel-celauro"],"_links":{"self":[{"href":"https:\/\/primiciasclorinda.com\/index.php?rest_route=\/wp\/v2\/posts\/20872","targetHints":{"allow":["GET"]}}],"collection":[{"href":"https:\/\/primiciasclorinda.com\/index.php?rest_route=\/wp\/v2\/posts"}],"about":[{"href":"https:\/\/primiciasclorinda.com\/index.php?rest_route=\/wp\/v2\/types\/post"}],"author":[{"embeddable":true,"href":"https:\/\/primiciasclorinda.com\/index.php?rest_route=\/wp\/v2\/users\/3"}],"replies":[{"embeddable":true,"href":"https:\/\/primiciasclorinda.com\/index.php?rest_route=%2Fwp%2Fv2%2Fcomments&post=20872"}],"version-history":[{"count":5,"href":"https:\/\/primiciasclorinda.com\/index.php?rest_route=\/wp\/v2\/posts\/20872\/revisions"}],"predecessor-version":[{"id":20881,"href":"https:\/\/primiciasclorinda.com\/index.php?rest_route=\/wp\/v2\/posts\/20872\/revisions\/20881"}],"wp:featuredmedia":[{"embeddable":true,"href":"https:\/\/primiciasclorinda.com\/index.php?rest_route=\/wp\/v2\/media\/20873"}],"wp:attachment":[{"href":"https:\/\/primiciasclorinda.com\/index.php?rest_route=%2Fwp%2Fv2%2Fmedia&parent=20872"}],"wp:term":[{"taxonomy":"category","embeddable":true,"href":"https:\/\/primiciasclorinda.com\/index.php?rest_route=%2Fwp%2Fv2%2Fcategories&post=20872"},{"taxonomy":"post_tag","embeddable":true,"href":"https:\/\/primiciasclorinda.com\/index.php?rest_route=%2Fwp%2Fv2%2Ftags&post=20872"}],"curies":[{"name":"wp","href":"https:\/\/api.w.org\/{rel}","templated":true}]}}