{"id":20419,"date":"2020-08-09T21:15:27","date_gmt":"2020-08-10T00:15:27","guid":{"rendered":"http:\/\/primiciasclorinda.com\/?p=20419"},"modified":"2020-08-09T21:15:27","modified_gmt":"2020-08-10T00:15:27","slug":"tragedia-fallecio-una-beba-mientras-dormia-con-sus-padres","status":"publish","type":"post","link":"https:\/\/primiciasclorinda.com\/?p=20419","title":{"rendered":"Tragedia: falleci\u00f3 una beba mientras dorm\u00eda con sus padres"},"content":{"rendered":"<p style=\"text-align: justify;\">El hecho se produjo en una finca del B\u00ba 25 de Mayo. Se le realiz\u00f3 la autopsia para determinar las causas del deceso. El caso fue elevado al Juzgado de Instrucci\u00f3n y Correccional en turno. La bebe de tres meses se encontraba durmiendo en la cama de los padres, y fue en ese contexto donde falleci\u00f3 por asfixia seg\u00fan relataron los abuelos de la criatura.<\/p>\n<p style=\"text-align: justify;\">El lamentable suceso ocurri\u00f3 en la madrugada de este domingo en una finca del Km 3 del barrio 25 de Mayo de la ciudad de Clorinda.<\/p>\n<p style=\"text-align: justify;\">En base al testimonio brindado por los abuelos de la beb\u00e9, la joven pareja tiene otros cuatro hijos m\u00e1s grandes, todos viviendo con sus abuelos.<\/p>\n<p style=\"text-align: justify;\">\u201cMi nieta dorm\u00eda en medio de sus padres, en la misma cama, y cerca de las 4 de la ma\u00f1ana su pap\u00e1 la sinti\u00f3 extra\u00f1a y toda fr\u00eda, y la levant\u00f3 corriendo a los gritos hasta nuestra casa, llev\u00e1ndola de manera urgente hasta el hospital. Lamentablemente la desgracia ya hab\u00eda ocurrido\u201d, dijo muy acongojada la abuela.<\/p>\n<p style=\"text-align: justify;\">Se realiz\u00f3 la autopsia para determinar las causas del fallecimiento de la peque\u00f1a, en tanto la Polic\u00eda tambi\u00e9n intervino para investigar. El caso fue elevado al Juzgado de Instrucci\u00f3n y Correccional en turno.<\/p>\n<p>Parte de la informaci\u00f3n fue extra\u00edda del diario La Ma\u00f1ana.<\/p>\n","protected":false},"excerpt":{"rendered":"<div class=\"mh-excerpt\"><p>El hecho se produjo en una finca del B\u00ba 25 de Mayo. Se le realiz\u00f3 la autopsia para determinar las causas del deceso. El caso <a class=\"mh-excerpt-more\" href=\"https:\/\/primiciasclorinda.com\/?p=20419\" title=\"Tragedia: falleci\u00f3 una beba mientras dorm\u00eda con sus padres\">[&#8230;]<\/a><\/p>\n<\/div>","protected":false},"author":3,"featured_media":19915,"comment_status":"open","ping_status":"open","sticky":false,"template":"","format":"standard","meta":{"footnotes":""},"categories":[4,10],"tags":[3249,26,49],"class_list":["post-20419","post","type-post","status-publish","format-standard","has-post-thumbnail","hentry","category-informacion-general","category-policiales","tag-beba-de-3-meses","tag-clorinda","tag-tragedia"],"_links":{"self":[{"href":"https:\/\/primiciasclorinda.com\/index.php?rest_route=\/wp\/v2\/posts\/20419","targetHints":{"allow":["GET"]}}],"collection":[{"href":"https:\/\/primiciasclorinda.com\/index.php?rest_route=\/wp\/v2\/posts"}],"about":[{"href":"https:\/\/primiciasclorinda.com\/index.php?rest_route=\/wp\/v2\/types\/post"}],"author":[{"embeddable":true,"href":"https:\/\/primiciasclorinda.com\/index.php?rest_route=\/wp\/v2\/users\/3"}],"replies":[{"embeddable":true,"href":"https:\/\/primiciasclorinda.com\/index.php?rest_route=%2Fwp%2Fv2%2Fcomments&post=20419"}],"version-history":[{"count":1,"href":"https:\/\/primiciasclorinda.com\/index.php?rest_route=\/wp\/v2\/posts\/20419\/revisions"}],"predecessor-version":[{"id":20420,"href":"https:\/\/primiciasclorinda.com\/index.php?rest_route=\/wp\/v2\/posts\/20419\/revisions\/20420"}],"wp:featuredmedia":[{"embeddable":true,"href":"https:\/\/primiciasclorinda.com\/index.php?rest_route=\/wp\/v2\/media\/19915"}],"wp:attachment":[{"href":"https:\/\/primiciasclorinda.com\/index.php?rest_route=%2Fwp%2Fv2%2Fmedia&parent=20419"}],"wp:term":[{"taxonomy":"category","embeddable":true,"href":"https:\/\/primiciasclorinda.com\/index.php?rest_route=%2Fwp%2Fv2%2Fcategories&post=20419"},{"taxonomy":"post_tag","embeddable":true,"href":"https:\/\/primiciasclorinda.com\/index.php?rest_route=%2Fwp%2Fv2%2Ftags&post=20419"}],"curies":[{"name":"wp","href":"https:\/\/api.w.org\/{rel}","templated":true}]}}