{"id":20406,"date":"2020-08-09T11:50:19","date_gmt":"2020-08-09T14:50:19","guid":{"rendered":"http:\/\/primiciasclorinda.com\/?p=20406"},"modified":"2020-08-09T11:56:27","modified_gmt":"2020-08-09T14:56:27","slug":"no-hay-casos-de-covid19-en-las-ultimas-24-hs-y-ya-son-78-los-pacientes-recueperados","status":"publish","type":"post","link":"https:\/\/primiciasclorinda.com\/?p=20406","title":{"rendered":"No hay casos de Covid19 en las \u00faltimas 24 hs y ya son 78 los pacientes recuperados"},"content":{"rendered":"<p style=\"text-align: justify;\">En el d\u00eda de la fecha, el Consejo de Atenci\u00f3n Integral de la Emergencia COVID-19 inform\u00f3 que hay 2 nuevos recuperados de Coronavirus en la provincia de Formosa, y suman en total 78 en total. En tanto en las \u00faltimas 24 horas no se registraron casos positivos de Covid19.<\/p>\n<p style=\"text-align: justify;\">Las personas que ser\u00e1n dadas de alta hoy son\u00a0un hombre de 28 a\u00f1os y una mujer de 18 a\u00f1os. Esta alta se da tras haber estado internados 49 y 41 d\u00edas en el Hospital Interdistrital Evita, quienes egresar\u00e1n del lugar luego de dos hisopados consecutivos con resultado negativos.<\/p>\n<p>Hasta la fecha ya son 78 los pacientes recuperados de Coronavirus en Formosa, de un total de 86 casos detectados.<\/p>\n","protected":false},"excerpt":{"rendered":"<div class=\"mh-excerpt\"><p>En el d\u00eda de la fecha, el Consejo de Atenci\u00f3n Integral de la Emergencia COVID-19 inform\u00f3 que hay 2 nuevos recuperados de Coronavirus en la <a class=\"mh-excerpt-more\" href=\"https:\/\/primiciasclorinda.com\/?p=20406\" title=\"No hay casos de Covid19 en las \u00faltimas 24 hs y ya son 78 los pacientes recuperados\">[&#8230;]<\/a><\/p>\n<\/div>","protected":false},"author":3,"featured_media":19748,"comment_status":"open","ping_status":"open","sticky":false,"template":"","format":"standard","meta":{"footnotes":""},"categories":[4,3],"tags":[3123,2870,23],"class_list":["post-20406","post","type-post","status-publish","format-standard","has-post-thumbnail","hentry","category-informacion-general","category-politica-economia","tag-casos-de-covid19","tag-coronavirus","tag-formosa"],"_links":{"self":[{"href":"https:\/\/primiciasclorinda.com\/index.php?rest_route=\/wp\/v2\/posts\/20406","targetHints":{"allow":["GET"]}}],"collection":[{"href":"https:\/\/primiciasclorinda.com\/index.php?rest_route=\/wp\/v2\/posts"}],"about":[{"href":"https:\/\/primiciasclorinda.com\/index.php?rest_route=\/wp\/v2\/types\/post"}],"author":[{"embeddable":true,"href":"https:\/\/primiciasclorinda.com\/index.php?rest_route=\/wp\/v2\/users\/3"}],"replies":[{"embeddable":true,"href":"https:\/\/primiciasclorinda.com\/index.php?rest_route=%2Fwp%2Fv2%2Fcomments&post=20406"}],"version-history":[{"count":2,"href":"https:\/\/primiciasclorinda.com\/index.php?rest_route=\/wp\/v2\/posts\/20406\/revisions"}],"predecessor-version":[{"id":20408,"href":"https:\/\/primiciasclorinda.com\/index.php?rest_route=\/wp\/v2\/posts\/20406\/revisions\/20408"}],"wp:featuredmedia":[{"embeddable":true,"href":"https:\/\/primiciasclorinda.com\/index.php?rest_route=\/wp\/v2\/media\/19748"}],"wp:attachment":[{"href":"https:\/\/primiciasclorinda.com\/index.php?rest_route=%2Fwp%2Fv2%2Fmedia&parent=20406"}],"wp:term":[{"taxonomy":"category","embeddable":true,"href":"https:\/\/primiciasclorinda.com\/index.php?rest_route=%2Fwp%2Fv2%2Fcategories&post=20406"},{"taxonomy":"post_tag","embeddable":true,"href":"https:\/\/primiciasclorinda.com\/index.php?rest_route=%2Fwp%2Fv2%2Ftags&post=20406"}],"curies":[{"name":"wp","href":"https:\/\/api.w.org\/{rel}","templated":true}]}}