{"id":20124,"date":"2020-07-21T20:21:44","date_gmt":"2020-07-21T23:21:44","guid":{"rendered":"http:\/\/primiciasclorinda.com\/?p=20124"},"modified":"2020-07-21T20:21:44","modified_gmt":"2020-07-21T23:21:44","slug":"insfran-dialogo-con-de-pedro-y-kulfas-para-el-inicio-del-plan-de-desarrollo-federal","status":"publish","type":"post","link":"https:\/\/primiciasclorinda.com\/?p=20124","title":{"rendered":"Insfr\u00e1n dialog\u00f3 con De Pedro y Kulfas para el inicio del plan de desarrollo federal"},"content":{"rendered":"<p style=\"text-align: justify;\">El gobernador Gildo Insfr\u00e1n dialog\u00f3 este lunes con los ministros Eduardo de Pedro y Mat\u00edas Kulfas sobre la importancia de avanzar en un plan de Desarrollo Federal que contemple las obras estrat\u00e9gicas que requiere la regi\u00f3n NEA, la mayor\u00eda de ellas paralizadas por la gesti\u00f3n nacional anterior y que hoy aguardan reactivaci\u00f3n.<\/p>\n<p style=\"text-align: justify;\">Seg\u00fan public\u00f3 el titular del Ejecutivo Provincial en su cuenta oficial de Facebook, en el caso de Formosa el Plan Belgrano consisti\u00f3 en la paralizaci\u00f3n del Gasoducto del NEA, el Acueducto para el Desarrollo Formose\u00f1o, el Centro de Medicina Nuclear, la nueva planta de Dioxitek, adem\u00e1s de obras viales, energ\u00e9ticas, habitacionales y sanitarias.<\/p>\n<p style=\"text-align: justify;\">El mandatario provincial consider\u00f3 que \u201cel dif\u00edcil contexto de la pandemia tambi\u00e9n hace necesario el apoyo financiero para recuperar a todo el sector PyME, con especial atenci\u00f3n a los relacionados a la producci\u00f3n, industrializaci\u00f3n y comercializaci\u00f3n\u201d.<\/p>\n<p style=\"text-align: justify;\">\u201cEs necesario, adem\u00e1s, que contemos con una tarifa el\u00e9ctrica diferenciada, atento a que somos provincias electrodependientes que a\u00fan carecemos del servicio de gas natural\u201d, advirti\u00f3 el Gobernador.<\/p>\n<p style=\"text-align: justify;\">En este contexto, record\u00f3 que \u201cen el Acta Federal firmada en Rosario el a\u00f1o pasado con el actual presidente de la Naci\u00f3n, Alberto Fern\u00e1ndez, coincidimos en la necesidad de reactivar todas estas obras y sumar nuevos proyectos para consolidar en Formosa la infraestructura necesaria para el desarrollo productivo con inclusi\u00f3n social\u201d.<\/p>\n<p style=\"text-align: justify;\">\u201cHemos dado inicio a ese camino y confiamos en avanzar en los proyectos mencionados, que son de estricta justicia social para el pueblo formose\u00f1o\u201d, concluy\u00f3 Gildo Insfr\u00e1n<\/p>\n","protected":false},"excerpt":{"rendered":"<div class=\"mh-excerpt\"><p>El gobernador Gildo Insfr\u00e1n dialog\u00f3 este lunes con los ministros Eduardo de Pedro y Mat\u00edas Kulfas sobre la importancia de avanzar en un plan de <a class=\"mh-excerpt-more\" href=\"https:\/\/primiciasclorinda.com\/?p=20124\" title=\"Insfr\u00e1n dialog\u00f3 con De Pedro y Kulfas para el inicio del plan de desarrollo federal\">[&#8230;]<\/a><\/p>\n<\/div>","protected":false},"author":3,"featured_media":20125,"comment_status":"open","ping_status":"open","sticky":false,"template":"","format":"standard","meta":{"footnotes":""},"categories":[3],"tags":[23,18,1181],"class_list":["post-20124","post","type-post","status-publish","format-standard","has-post-thumbnail","hentry","category-politica-economia","tag-formosa","tag-gildo-insfran","tag-obras-publicas"],"_links":{"self":[{"href":"https:\/\/primiciasclorinda.com\/index.php?rest_route=\/wp\/v2\/posts\/20124","targetHints":{"allow":["GET"]}}],"collection":[{"href":"https:\/\/primiciasclorinda.com\/index.php?rest_route=\/wp\/v2\/posts"}],"about":[{"href":"https:\/\/primiciasclorinda.com\/index.php?rest_route=\/wp\/v2\/types\/post"}],"author":[{"embeddable":true,"href":"https:\/\/primiciasclorinda.com\/index.php?rest_route=\/wp\/v2\/users\/3"}],"replies":[{"embeddable":true,"href":"https:\/\/primiciasclorinda.com\/index.php?rest_route=%2Fwp%2Fv2%2Fcomments&post=20124"}],"version-history":[{"count":1,"href":"https:\/\/primiciasclorinda.com\/index.php?rest_route=\/wp\/v2\/posts\/20124\/revisions"}],"predecessor-version":[{"id":20126,"href":"https:\/\/primiciasclorinda.com\/index.php?rest_route=\/wp\/v2\/posts\/20124\/revisions\/20126"}],"wp:featuredmedia":[{"embeddable":true,"href":"https:\/\/primiciasclorinda.com\/index.php?rest_route=\/wp\/v2\/media\/20125"}],"wp:attachment":[{"href":"https:\/\/primiciasclorinda.com\/index.php?rest_route=%2Fwp%2Fv2%2Fmedia&parent=20124"}],"wp:term":[{"taxonomy":"category","embeddable":true,"href":"https:\/\/primiciasclorinda.com\/index.php?rest_route=%2Fwp%2Fv2%2Fcategories&post=20124"},{"taxonomy":"post_tag","embeddable":true,"href":"https:\/\/primiciasclorinda.com\/index.php?rest_route=%2Fwp%2Fv2%2Ftags&post=20124"}],"curies":[{"name":"wp","href":"https:\/\/api.w.org\/{rel}","templated":true}]}}