{"id":20029,"date":"2020-07-15T21:37:54","date_gmt":"2020-07-16T00:37:54","guid":{"rendered":"http:\/\/primiciasclorinda.com\/?p=20029"},"modified":"2020-07-15T23:20:21","modified_gmt":"2020-07-16T02:20:21","slug":"misiones-el-fin-de-semana-abriran-los-parques-provinciales-para-pobladores-locales","status":"publish","type":"post","link":"https:\/\/primiciasclorinda.com\/?p=20029","title":{"rendered":"Misiones: el fin de semana abrir\u00e1n los parques provinciales para pobladores locales"},"content":{"rendered":"<p style=\"text-align: justify;\">Los parques provinciales de Misiones abrir\u00e1n el fin de semana pr\u00f3ximo para el turismo local, en una segunda etapa de la apertura a la actividad, que comenz\u00f3 el s\u00e1bado pasado con el Parque Nacional Iguaz\u00fa.<\/p>\n<p style=\"text-align: justify;\">Los parques provinciales de Misiones abrir\u00e1n el fin de semana pr\u00f3ximo para el turismo local, en una segunda etapa de la apertura a la actividad, que comenz\u00f3 el s\u00e1bado pasado con el Parque Nacional Iguaz\u00fa, anunci\u00f3 hoy el gobernador misionero, Oscar Herrera Ahuad.<\/p>\n<p style=\"text-align: justify;\">Luego de recorrer las Misiones Jesu\u00edticas de la localidad de San Ignacio, el mandatario dijo a la prensa: \u00abTenemos al d\u00eda de hoy una evaluaci\u00f3n positiva de lo que fue la apertura del Parque Nacional Iguaz\u00fa, con mucho orden, con mucho respeto y con mucha seguridad sanitaria\u00bb.<\/p>\n<p style=\"text-align: justify;\">\u00abLas primeras indicaciones de los valores epidemiol\u00f3gicos dan un margen de seguridad para que podamos seguir focalizando actividades\u00bb, indic\u00f3 Herrera Ahuad en relaci\u00f3n a la ampliaci\u00f3n de la apertura tur\u00edstica.<\/p>\n<p style=\"text-align: justify;\">La apertura del sitio arqueol\u00f3gico de San Ignacio \u00abes para ver cu\u00e1l es el proceso que va a seguir la persona que este fin de semana va a llegar desde su pueblo\u00bb, que en este caso ser\u00e1 exclusivamente para los habitantes de San Ignacio y sus colonias.<\/p>\n<p style=\"text-align: justify;\">\u00abCuando focalizamos una actividad, lo hacemos con el compromiso de evaluarla para no volver hacia atr\u00e1s en el plano epidemiol\u00f3gico\u00bb, explic\u00f3.<\/p>\n<p style=\"text-align: justify;\">Junto con las Misiones Jesu\u00edticas de San Ignacio Min\u00ed se habilitar\u00e1n para los pobladores locales recorridos por el Parque Provincial Mocon\u00e1, el Parque Tem\u00e1tico La Cruz de Santa Ana, el Salto Encantado y el Cerro Mboror\u00e9, todos en la misma jurisdicci\u00f3n.<\/p>\n<p style=\"text-align: justify;\">El ingreso a los atractivos tur\u00edsticos ser\u00e1 con un esquema similar al que se desarroll\u00f3 el fin de semana \u00faltimo en las Cataratas del Iguaz\u00fa, con inscripci\u00f3n previa v\u00eda p\u00e1gina web y cupos limitados.<\/p>\n<p style=\"text-align: justify;\">\u00abVa a ser totalmente gratuito para las personas que lo visiten. Van a tener dos d\u00edas de esparcimiento\u00bb, concluy\u00f3 el gobernador de Misiones.<\/p>\n","protected":false},"excerpt":{"rendered":"<div class=\"mh-excerpt\"><p>Los parques provinciales de Misiones abrir\u00e1n el fin de semana pr\u00f3ximo para el turismo local, en una segunda etapa de la apertura a la actividad, <a class=\"mh-excerpt-more\" href=\"https:\/\/primiciasclorinda.com\/?p=20029\" title=\"Misiones: el fin de semana abrir\u00e1n los parques provinciales para pobladores locales\">[&#8230;]<\/a><\/p>\n<\/div>","protected":false},"author":3,"featured_media":20030,"comment_status":"open","ping_status":"open","sticky":false,"template":"","format":"standard","meta":{"footnotes":""},"categories":[4],"tags":[2870,3023,3034,16],"class_list":["post-20029","post","type-post","status-publish","format-standard","has-post-thumbnail","hentry","category-informacion-general","tag-coronavirus","tag-covid19","tag-cuarentena","tag-turismo"],"_links":{"self":[{"href":"https:\/\/primiciasclorinda.com\/index.php?rest_route=\/wp\/v2\/posts\/20029","targetHints":{"allow":["GET"]}}],"collection":[{"href":"https:\/\/primiciasclorinda.com\/index.php?rest_route=\/wp\/v2\/posts"}],"about":[{"href":"https:\/\/primiciasclorinda.com\/index.php?rest_route=\/wp\/v2\/types\/post"}],"author":[{"embeddable":true,"href":"https:\/\/primiciasclorinda.com\/index.php?rest_route=\/wp\/v2\/users\/3"}],"replies":[{"embeddable":true,"href":"https:\/\/primiciasclorinda.com\/index.php?rest_route=%2Fwp%2Fv2%2Fcomments&post=20029"}],"version-history":[{"count":3,"href":"https:\/\/primiciasclorinda.com\/index.php?rest_route=\/wp\/v2\/posts\/20029\/revisions"}],"predecessor-version":[{"id":20033,"href":"https:\/\/primiciasclorinda.com\/index.php?rest_route=\/wp\/v2\/posts\/20029\/revisions\/20033"}],"wp:featuredmedia":[{"embeddable":true,"href":"https:\/\/primiciasclorinda.com\/index.php?rest_route=\/wp\/v2\/media\/20030"}],"wp:attachment":[{"href":"https:\/\/primiciasclorinda.com\/index.php?rest_route=%2Fwp%2Fv2%2Fmedia&parent=20029"}],"wp:term":[{"taxonomy":"category","embeddable":true,"href":"https:\/\/primiciasclorinda.com\/index.php?rest_route=%2Fwp%2Fv2%2Fcategories&post=20029"},{"taxonomy":"post_tag","embeddable":true,"href":"https:\/\/primiciasclorinda.com\/index.php?rest_route=%2Fwp%2Fv2%2Ftags&post=20029"}],"curies":[{"name":"wp","href":"https:\/\/api.w.org\/{rel}","templated":true}]}}