{"id":20011,"date":"2020-07-13T19:13:56","date_gmt":"2020-07-13T22:13:56","guid":{"rendered":"http:\/\/primiciasclorinda.com\/?p=20011"},"modified":"2020-07-13T19:13:56","modified_gmt":"2020-07-13T22:13:56","slug":"fiesta-patronal-de-formosa-el-obispo-conejero-confirmo-el-feriado-provincial-del-jueves-16","status":"publish","type":"post","link":"https:\/\/primiciasclorinda.com\/?p=20011","title":{"rendered":"Fiesta patronal de Formosa: El obispo Conejero confirm\u00f3 el feriado provincial del jueves 16"},"content":{"rendered":"<p style=\"text-align: justify;\">Las celebraciones religiosas en honor a la Virgen \u00abNuestra Se\u00f1ora del Carmen\u00bb se transmitir\u00e1n por las redes sociales.<\/p>\n<p>El obispo de la Di\u00f3cesis de Formosa, monse\u00f1or Jos\u00e9 Vicente Conejero, afirm\u00f3 que el feriado provincial del 16 de julio en honor a la Virgen del Carmen se mantendr\u00e1 pese a la emergencia sanitaria y las condiciones restrictivas de la pandemia. Coment\u00f3 que las celebraciones religiosas en el marco de la fiesta patronal se transmitir\u00e1n por las redes sociales. E inform\u00f3 que la serenata ser\u00e1 con m\u00e1s de 80 artistas populares.<\/p>\n<p style=\"text-align: justify;\">A trav\u00e9s del lema inspirador de la novena \u201cLa vida de Jes\u00fas el Se\u00f1or y la de Mar\u00eda su madre, se manifiesten en nosotros\u201d, la iglesia de Formosa empieza desde esta noche las celebraciones en el marco de la fiesta patronal en honor a la Virgen \u201cNuestra Se\u00f1ora del Carmen\u201d. M\u00e1s de 80 artistas formose\u00f1os distribuidos en toda la provincia iniciar\u00e1n la serenata de v\u00edspera que se reproducir\u00e1 por redes sociales.<\/p>\n<p style=\"text-align: justify;\">Para el jueves 16 de julio, Conejero avis\u00f3 que las celebraciones eucar\u00edsticas en la Iglesia se realizar\u00e1n a puertas cerradas para los fieles a consecuencia de las limitaciones sanitarias que impone el contexto de la pandemia. Aunque precis\u00f3 que tanto de manera radial, televisiva y por redes sociales, se podr\u00e1 seguir la transmisi\u00f3n en vivo de las misas en honor a la santa patrona de Formosa.<\/p>\n<p style=\"text-align: justify;\">Por \u00faltimo, recalc\u00f3 que por ley provincial el feriado por el d\u00eda de la Virgen del Carmen se mantiene el pr\u00f3ximo 16 de julio: \u201cEs feriado en todo el territorio provincial con fiesta y solemnidad para nosotros; porque no s\u00f3lo la Virgen es patrona de la iglesia catedral, sino tambi\u00e9n de la ciudad y la provincia entera\u201d, a\u00f1adi\u00f3<\/p>\n<p style=\"text-align: justify;\">Fuente: La Ma\u00f1ana.<\/p>\n","protected":false},"excerpt":{"rendered":"<div class=\"mh-excerpt\"><p>Las celebraciones religiosas en honor a la Virgen \u00abNuestra Se\u00f1ora del Carmen\u00bb se transmitir\u00e1n por las redes sociales. El obispo de la Di\u00f3cesis de Formosa, <a class=\"mh-excerpt-more\" href=\"https:\/\/primiciasclorinda.com\/?p=20011\" title=\"Fiesta patronal de Formosa: El obispo Conejero confirm\u00f3 el feriado provincial del jueves 16\">[&#8230;]<\/a><\/p>\n<\/div>","protected":false},"author":3,"featured_media":16522,"comment_status":"open","ping_status":"open","sticky":false,"template":"","format":"standard","meta":{"footnotes":""},"categories":[4],"tags":[1588,23,3217,3216],"class_list":["post-20011","post","type-post","status-publish","format-standard","has-post-thumbnail","hentry","category-informacion-general","tag-feriado","tag-formosa","tag-nuestra-senora-del-carmen","tag-obispo-conejero"],"_links":{"self":[{"href":"https:\/\/primiciasclorinda.com\/index.php?rest_route=\/wp\/v2\/posts\/20011","targetHints":{"allow":["GET"]}}],"collection":[{"href":"https:\/\/primiciasclorinda.com\/index.php?rest_route=\/wp\/v2\/posts"}],"about":[{"href":"https:\/\/primiciasclorinda.com\/index.php?rest_route=\/wp\/v2\/types\/post"}],"author":[{"embeddable":true,"href":"https:\/\/primiciasclorinda.com\/index.php?rest_route=\/wp\/v2\/users\/3"}],"replies":[{"embeddable":true,"href":"https:\/\/primiciasclorinda.com\/index.php?rest_route=%2Fwp%2Fv2%2Fcomments&post=20011"}],"version-history":[{"count":1,"href":"https:\/\/primiciasclorinda.com\/index.php?rest_route=\/wp\/v2\/posts\/20011\/revisions"}],"predecessor-version":[{"id":20012,"href":"https:\/\/primiciasclorinda.com\/index.php?rest_route=\/wp\/v2\/posts\/20011\/revisions\/20012"}],"wp:featuredmedia":[{"embeddable":true,"href":"https:\/\/primiciasclorinda.com\/index.php?rest_route=\/wp\/v2\/media\/16522"}],"wp:attachment":[{"href":"https:\/\/primiciasclorinda.com\/index.php?rest_route=%2Fwp%2Fv2%2Fmedia&parent=20011"}],"wp:term":[{"taxonomy":"category","embeddable":true,"href":"https:\/\/primiciasclorinda.com\/index.php?rest_route=%2Fwp%2Fv2%2Fcategories&post=20011"},{"taxonomy":"post_tag","embeddable":true,"href":"https:\/\/primiciasclorinda.com\/index.php?rest_route=%2Fwp%2Fv2%2Ftags&post=20011"}],"curies":[{"name":"wp","href":"https:\/\/api.w.org\/{rel}","templated":true}]}}