{"id":19961,"date":"2020-07-10T10:34:25","date_gmt":"2020-07-10T13:34:25","guid":{"rendered":"http:\/\/primiciasclorinda.com\/?p=19961"},"modified":"2020-07-10T10:37:38","modified_gmt":"2020-07-10T13:37:38","slug":"exitosa-jornada-de-pastelitos-patrios-solidarios-organizado-por-la-juventud-radical-clorinda","status":"publish","type":"post","link":"https:\/\/primiciasclorinda.com\/?p=19961","title":{"rendered":"Exitosa jornada de pastelitos patrios solidarios organizado por la Juventud Radical Clorinda"},"content":{"rendered":"<p style=\"text-align: justify;\">En la jornada del jueves 9 de julio, miembros de la Juventud Radical de Clorinda realizaron una jornada confeccionando m\u00e1s de quince docenas de pastelitos para festejar con los vecinos esta fecha patria.<\/p>\n<p style=\"text-align: justify;\">\u201cUna idea que surgi\u00f3 del equipo y que sirve para poder festejar con los vecinos de una manera distinta y dejarles un gesto\u201d destaco Agust\u00edn Cantero, presidente de la organizaci\u00f3n.<\/p>\n<p style=\"text-align: justify;\">Hablo del trabajo realizado, \u201ces destacable el trabajo de elaboraci\u00f3n hecho exclusivamente por los chicos y chicas del equipo, que un feriado donaron su tiempo y confeccionaron varias docenas para repartir en varios puntos de la ciudad, para la hora del mate\u201d.<\/p>\n<p style=\"text-align: justify;\">\u201cEsta comida es un s\u00edmbolo de nuestra identidad como argentinos, y en esta fecha donde queremos reafirmar nuestra condici\u00f3n de libres pensamos que es la mejor manera de pasar este d\u00eda tan importante\u201d.<\/p>\n<p style=\"text-align: justify;\">Los j\u00f3venes contaron con la presencia y colaboraci\u00f3n del concejal Rub\u00e9n Acosta, \u201cquien es una persona que siempre apoya todas estas iniciativas de los j\u00f3venes\u201d coment\u00f3 Cantero.<\/p>\n<p style=\"text-align: justify;\">\u201cPor fortuna la temperatura se prest\u00f3 para la idea y con el equipo tenemos varias actividades pensadas para seguir en los pr\u00f3ximos d\u00edas, a pesar del contexto que atravesamos, la actividad seguir\u00e1 tomando todos los recaudos sanitarios que todos conocemos\u201d cerr\u00f3 Cantero.<\/p>\n","protected":false},"excerpt":{"rendered":"<div class=\"mh-excerpt\"><p>En la jornada del jueves 9 de julio, miembros de la Juventud Radical de Clorinda realizaron una jornada confeccionando m\u00e1s de quince docenas de pastelitos <a class=\"mh-excerpt-more\" href=\"https:\/\/primiciasclorinda.com\/?p=19961\" title=\"Exitosa jornada de pastelitos patrios solidarios organizado por la Juventud Radical Clorinda\">[&#8230;]<\/a><\/p>\n<\/div>","protected":false},"author":3,"featured_media":19962,"comment_status":"open","ping_status":"open","sticky":false,"template":"","format":"standard","meta":{"footnotes":""},"categories":[4,3],"tags":[26,355,57],"class_list":["post-19961","post","type-post","status-publish","format-standard","has-post-thumbnail","hentry","category-informacion-general","category-politica-economia","tag-clorinda","tag-jr","tag-ucr"],"_links":{"self":[{"href":"https:\/\/primiciasclorinda.com\/index.php?rest_route=\/wp\/v2\/posts\/19961","targetHints":{"allow":["GET"]}}],"collection":[{"href":"https:\/\/primiciasclorinda.com\/index.php?rest_route=\/wp\/v2\/posts"}],"about":[{"href":"https:\/\/primiciasclorinda.com\/index.php?rest_route=\/wp\/v2\/types\/post"}],"author":[{"embeddable":true,"href":"https:\/\/primiciasclorinda.com\/index.php?rest_route=\/wp\/v2\/users\/3"}],"replies":[{"embeddable":true,"href":"https:\/\/primiciasclorinda.com\/index.php?rest_route=%2Fwp%2Fv2%2Fcomments&post=19961"}],"version-history":[{"count":2,"href":"https:\/\/primiciasclorinda.com\/index.php?rest_route=\/wp\/v2\/posts\/19961\/revisions"}],"predecessor-version":[{"id":19964,"href":"https:\/\/primiciasclorinda.com\/index.php?rest_route=\/wp\/v2\/posts\/19961\/revisions\/19964"}],"wp:featuredmedia":[{"embeddable":true,"href":"https:\/\/primiciasclorinda.com\/index.php?rest_route=\/wp\/v2\/media\/19962"}],"wp:attachment":[{"href":"https:\/\/primiciasclorinda.com\/index.php?rest_route=%2Fwp%2Fv2%2Fmedia&parent=19961"}],"wp:term":[{"taxonomy":"category","embeddable":true,"href":"https:\/\/primiciasclorinda.com\/index.php?rest_route=%2Fwp%2Fv2%2Fcategories&post=19961"},{"taxonomy":"post_tag","embeddable":true,"href":"https:\/\/primiciasclorinda.com\/index.php?rest_route=%2Fwp%2Fv2%2Ftags&post=19961"}],"curies":[{"name":"wp","href":"https:\/\/api.w.org\/{rel}","templated":true}]}}